{"id":25,"date":"2022-05-25T13:39:12","date_gmt":"2022-05-25T13:39:12","guid":{"rendered":"http:\/\/www.mehmetyucel.net\/index.php\/2022\/05\/25\/preparing-gears-for-the-journey\/"},"modified":"2025-08-13T09:05:07","modified_gmt":"2025-08-13T09:05:07","slug":"herkes-her-seyi-biliyordu","status":"publish","type":"post","link":"http:\/\/www.mehmetyucel.net\/index.php\/2022\/05\/25\/herkes-her-seyi-biliyordu\/","title":{"rendered":"Herkes her \u015feyi biliyordu!"},"content":{"rendered":"\n<p><\/p>\n\n\n\n<blockquote class=\"wp-block-quote has-black-color has-text-color\">\n<p class=\"has-black-color has-text-color has-link-color wp-elements-94f7f3f0869443412ccb0131f311722a\"><em><strong>Dere yataklar\u0131nda yerle\u015fim olmayaca\u011f\u0131n\u0131&#8230; Mimar Sinan\u2019dan ilham almadan k\u00f6pr\u00fc yap\u0131lmayaca\u011f\u0131n\u0131&#8230; Rant i\u015ftah\u0131yla yap\u0131lan \u015fehir planlar\u0131n\u0131n&#8230; Verilen imar ruhsatlar\u0131n\u0131n ak\u0131lla, bilimle ba\u011fda\u015fmayaca\u011f\u0131n\u0131&#8230; Vadi i\u00e7lerinde orman emvali depolanmayaca\u011f\u0131n\u0131&#8230; \u201cDo\u011fal afetler tarihi\u201dne itibar etmemenin&#8230; \u0130\u015fin ehline kulak vermemenin sonu\u00e7lar\u0131n\u0131n a\u011f\u0131r olaca\u011f\u0131n\u0131&#8230; Ve s\u0131ralayabilece\u011fimiz daha pek \u00e7ok olumsuzlu\u011fu&#8230; San\u0131lan\u0131n aksine&#8230; Herkes biliyordu!<\/strong><\/em><\/p>\n<\/blockquote>\n\n\n\n<p class=\"has-black-color has-text-color has-link-color wp-elements-a9e5cf66675fa9e201726f2acb29763b\">Kolombiyal\u0131 yazar Gabriel Garcia Marquez <strong>\u201cK\u0131rm\u0131z\u0131 Pazartesi\u201d<\/strong> adl\u0131 roman\u0131nda, herkesin bildi\u011fi ancak engel olmak i\u00e7in kimsenin bir \u015fey yapmad\u0131\u011f\u0131 bir cinayetin \u00f6yk\u00fcs\u00fcn\u00fc anlat\u0131r&#8230;<\/p>\n\n\n\n<p class=\"has-black-color has-text-color has-link-color wp-elements-13c4d9d2f483e483784fc12baf013f73\">Marquez, yaln\u0131zca bir \u201c<strong>cinayet\u201d<\/strong>in arka plan\u0131n\u0131 de\u011fil&#8230;<\/p>\n\n\n\n<p class=\"has-black-color has-text-color has-link-color wp-elements-f0cdb1f490077013eb1dd83f67674403\">Bir halk\u0131n ortak davran\u0131\u015f bi\u00e7imlerinin portresini \u00e7izer&#8230;<\/p>\n\n\n\n<p class=\"has-black-color has-text-color has-link-color wp-elements-f48a5a585affff6a30c19ebc3bb2fdb8\">Roman\u0131n kahraman\u0131 <strong>Santiago Nazar<\/strong>\u2019\u0131n \u00f6ld\u00fcr\u00fclece\u011fi daha roman\u0131n ilk sat\u0131rlar\u0131ndan bellidir&#8230;<\/p>\n\n\n\n<p class=\"has-black-color has-text-color has-link-color wp-elements-e5f88bc5ef7636f6b2152722fa4d754b\">Ancak sonun ba\u015ftan belli olmas\u0131 kitab\u0131n s\u00fcr\u00fckleyicili\u011finden bir \u015fey kaybettirmez!<\/p>\n\n\n\n<p class=\"has-black-color has-text-color has-link-color wp-elements-f27aa2f308115a216a8b7f37cc2de8a1\">\u25cf\u25cf\u25cf<\/p>\n\n\n<div class=\"wp-block-image\">\n<figure class=\"alignleft is-resized\"><img loading=\"lazy\" decoding=\"async\" width=\"609\" height=\"1000\" src=\"https:\/\/www.mehmetyucel.net\/wp-content\/uploads\/2025\/05\/Mehmet-Yucel-SON.jpg\" alt=\"\" class=\"wp-image-933\" style=\"width:171px;height:auto\" srcset=\"http:\/\/www.mehmetyucel.net\/wp-content\/uploads\/2025\/05\/Mehmet-Yucel-SON.jpg 609w, http:\/\/www.mehmetyucel.net\/wp-content\/uploads\/2025\/05\/Mehmet-Yucel-SON-183x300.jpg 183w\" sizes=\"(max-width: 609px) 100vw, 609px\" \/><\/figure><\/div>\n\n\n<p class=\"has-black-color has-text-color has-link-color wp-elements-99c1a1f9ea0158dcf06e7ee9ab331d1d\">Y\u0131llar sonra roman\u0131 yeniden hat\u0131rl\u0131yorum&#8230;<\/p>\n\n\n\n<p class=\"has-black-color has-text-color has-link-color wp-elements-04b2f57b1ca2a6634d6e06e34f5d87b6\">Bilin\u00e7alt\u0131mda&#8230;<\/p>\n\n\n\n<p class=\"has-black-color has-text-color has-link-color wp-elements-60cd4b0875c898b4108fd336a2410354\"><strong>Cinayet<\/strong> s\u00f6zc\u00fc\u011f\u00fc, ya\u015fad\u0131\u011f\u0131m\u0131z ve ac\u0131lar\u0131 hen\u00fcz taze olan <strong>sel fel\u00e2keti<\/strong> ile yer de\u011fi\u015ftiriyor!<\/p>\n\n\n\n<p class=\"has-black-color has-text-color has-link-color wp-elements-b7706ac50a55b0f3e5b28536cfb80f3f\">Evet&#8230;<\/p>\n\n\n\n<p class=\"has-black-color has-text-color has-link-color wp-elements-9b46c4839fc1b8b6e7742f645f4b7e56\">Ne yaz\u0131k ki, herkes her \u015feyi biliyordu!<\/p>\n\n\n\n<p class=\"has-black-color has-text-color has-link-color wp-elements-eb87d67ec595c03a8a180cb16a540b93\">Dere yataklar\u0131nda yerle\u015fim olmayaca\u011f\u0131n\u0131&#8230;<\/p>\n\n\n\n<p class=\"has-black-color has-text-color has-link-color wp-elements-7743db6d8d2a89012e8d3df28baa2d27\"><strong>Mimar Sinan<\/strong>\u2019dan ilham almadan k\u00f6pr\u00fc yap\u0131lmayaca\u011f\u0131n\u0131&#8230;<\/p>\n\n\n\n<p class=\"has-black-color has-text-color has-link-color wp-elements-d473ff3b7fadc85f7e4ae8d9d2b5d362\">Rant i\u015ftah\u0131yla yap\u0131lan \u015fehir planlar\u0131n\u0131n&#8230;<\/p>\n\n\n\n<p class=\"has-black-color has-text-color has-link-color wp-elements-afbe0247daa9c806f71875f49c35700c\">Verilen imar ruhsatlar\u0131n\u0131n ak\u0131lla, bilimle ba\u011fda\u015fmayaca\u011f\u0131n\u0131&#8230;<\/p>\n\n\n\n<p class=\"has-black-color has-text-color has-link-color wp-elements-7da14c1b660786a5f800a7950e401ec5\">Vadi i\u00e7lerinde orman emvali depolanmayaca\u011f\u0131n\u0131&#8230;<\/p>\n\n\n\n<p class=\"has-black-color has-text-color has-link-color wp-elements-748df64a20888e3cec66347312d0d279\"><strong>\u201cDo\u011fal afetler tarihi<\/strong>\u201dne itibar etmemenin&#8230;<\/p>\n\n\n\n<p class=\"has-black-color has-text-color has-link-color wp-elements-4ea53da8eea2379c0175412dbe02231e\">\u0130\u015fin ehline kulak vermemenin sonu\u00e7lar\u0131n\u0131n a\u011f\u0131r olaca\u011f\u0131n\u0131&#8230;<\/p>\n\n\n\n<p class=\"has-black-color has-text-color has-link-color wp-elements-db2e40e9b84dabcc41661820e3531544\">Ve s\u0131ralayabilece\u011fimiz daha pek \u00e7ok olumsuzlu\u011fu&#8230;<\/p>\n\n\n\n<p class=\"has-black-color has-text-color has-link-color wp-elements-d459e683aabff013928f4017002098d3\">San\u0131lan\u0131n aksine&#8230;<\/p>\n\n\n\n<p class=\"has-black-color has-text-color has-link-color wp-elements-f3fdf97262af259bcd36e01fa8ae6eab\">K\u0131rm\u0131z\u0131 Pazartesi\u2019de ba\u015fka bir ba\u011flamda anlat\u0131ld\u0131\u011f\u0131 gibi herkes biliyordu!<\/p>\n\n\n\n<p class=\"has-black-color has-text-color has-link-color wp-elements-f27aa2f308115a216a8b7f37cc2de8a1\">\u25cf\u25cf\u25cf<\/p>\n\n\n\n<p class=\"has-black-color has-text-color has-link-color wp-elements-d1f9d9448c4a4da88ac74a33c0a91793\">Herkes biliyordu&#8230;<\/p>\n\n\n\n<p class=\"has-black-color has-text-color has-link-color wp-elements-9ad485c79f1104b498685a820baddd70\">Ama biz&#8230;<\/p>\n\n\n\n<p class=\"has-black-color has-text-color has-link-color wp-elements-9982da37399b7427ded16245d89d03ea\">Sahte <strong>\u201cbir mutluluk masal\u0131\u201d<\/strong> yazma\/ya\u015fama iste\u011fiyle can at\u0131yorduk&#8230;<\/p>\n\n\n\n<p class=\"has-black-color has-text-color has-link-color wp-elements-129144f10f84b87a57c6e864d255deff\">Giresun\u2019un Dereli\u2019sinde&#8230;<\/p>\n\n\n\n<p class=\"has-black-color has-text-color has-link-color wp-elements-2c9399d6175e32f8a2fb88e4a7c89bba\">Sinop\u2019un Ayanc\u0131k\u2019\u0131nda&#8230;<\/p>\n\n\n\n<p class=\"has-black-color has-text-color has-link-color wp-elements-1598c3787c8068e4c0d1b64d1b1b1208\">Kastamonu\u2019nun Bozkurt\u2019unda ve \u00fclkemizin daha pek \u00e7ok y\u00f6resinde ger\u00e7e\u011fe s\u0131rt\u0131m\u0131z\u0131 d\u00f6n\u00fcyor&#8230;<\/p>\n\n\n\n<p class=\"has-black-color has-text-color has-link-color wp-elements-ddedfe52474888db74e082b6d405fdea\"><strong>\u201cG\u00f6rm\u00fcyor, bilmiyor, duymuyor\u201d<\/strong>mu\u015f gibi yap\u0131yor&#8230;<\/p>\n\n\n\n<p class=\"has-black-color has-text-color has-link-color wp-elements-7b607ed86418c59434f668aa76bca9c9\"><strong>\u201c\u00dc\u00e7 maymun\u201d<\/strong>u oynamay\u0131 s\u00fcrd\u00fcr\u00fcyorduk&#8230;<\/p>\n\n\n\n<p class=\"has-black-color has-text-color has-link-color wp-elements-f27aa2f308115a216a8b7f37cc2de8a1\">\u25cf\u25cf\u25cf<\/p>\n\n\n\n<p>Ak\u0131lla&#8230;<\/p>\n\n\n\n<p>Mant\u0131kla&#8230;<\/p>\n\n\n\n<p>Bilimle ba\u011f\u0131m\u0131z\u0131 b\u00fcy\u00fck bir <strong>\u201ci\u015ftah\u201d<\/strong>la kopar\u0131yor&#8230;<\/p>\n\n\n\n<p>Uyarmaya \u00e7al\u0131\u015fanlar\u0131 da <strong>\u201cm\u00fcnaf\u0131klar\u201d<\/strong> olarak yaftal\u0131yorduk&#8230;<\/p>\n\n\n\n<p><strong><a href=\"https:\/\/www.gastetech.com\/herkes-her-seyi-biliyordu\/\" target=\"_blank\" rel=\"noreferrer noopener\">\u201cGe\u00e7 kapitalizm\u201d<\/a><\/strong>in anla\u015f\u0131labilir motivasyonuyla&#8230;<\/p>\n\n\n\n<p><strong>\u201cHemen olsun, benim olsun, nas\u0131l olursa olsun\u201d <\/strong>h\u0131rs\u0131&#8230;<\/p>\n\n\n\n<p>Ve <strong>\u201chadi bo\u015f yapma\u201d<\/strong> s\u0131radanl\u0131\u011f\u0131yla&#8230;<\/p>\n\n\n\n<p class=\"has-black-color has-text-color has-link-color wp-elements-63bd51f847475956817f9f29e9b8ca79\">Do\u011fru s\u00f6yleyeni dokuz k\u00f6yden kovuyorduk&#8230;<\/p>\n\n\n\n<p class=\"has-black-color has-text-color has-link-color wp-elements-f27aa2f308115a216a8b7f37cc2de8a1\">\u25cf\u25cf\u25cf<\/p>\n\n\n\n<p class=\"has-black-color has-text-color has-link-color wp-elements-c5a6ef71ff77acb9c6998d31f9ec1145\">\u00d6z\u00fc itibar\u0131yla benzer bir s\u00fcre\u00e7 <strong>\u201c\u0130stanbul depremi\u201d<\/strong> konusunda da i\u015fliyor&#8230;<\/p>\n\n\n\n<p class=\"has-black-color has-text-color has-link-color wp-elements-f589efa9f3b9059cb8cb6b0470387103\">Bunun notunu da bu yaz\u0131ya d\u00fc\u015fm\u00fc\u015f olal\u0131m.<\/p>\n\n\n\n<p class=\"has-black-color has-text-color has-link-color wp-elements-0829848515b7669bcd746339e8589b42\">17 A\u011fustos 1999\u2019dan bu yana&#8230;<\/p>\n\n\n\n<p class=\"has-black-color has-text-color has-link-color wp-elements-772e3e965e987dff0aa827a05a43b29a\">Bitmek t\u00fckenmek bilmeyen uyar\u0131lara kulak t\u0131kayarak&#8230;<\/p>\n\n\n\n<p class=\"has-black-color has-text-color has-link-color wp-elements-a3e44f6a0c4a52dad42a30c5cf6ffb1b\">Devasa \u00f6l\u00e7ekteki bilimsel verinin hakk\u0131n\u0131 teslim etmek yerine&#8230;<\/p>\n\n\n\n<p class=\"has-black-color has-text-color has-link-color wp-elements-57f653b7fb4ccb2daa26b1b83044e396\">22 y\u0131ll\u0131k kocaman bir s\u00fcreyi heba ettik.<\/p>\n\n\n\n<p class=\"has-black-color has-text-color has-link-color wp-elements-f27aa2f308115a216a8b7f37cc2de8a1\">\u25cf\u25cf\u25cf<\/p>\n\n\n\n<p class=\"has-black-color has-text-color has-link-color wp-elements-904f3ba76704aed006b6c5c5e74b64ca\">T\u00fcm ac\u0131lar\u0131m\u0131za ra\u011fmen&#8230;<\/p>\n\n\n\n<p class=\"has-black-color has-text-color has-link-color wp-elements-cc8f7d0f07e29fe556ef2132e79cf151\">Sel g\u00f6r\u00fcnt\u00fclerine tekrar tekrar ve ibret alarak bakal\u0131m&#8230;<\/p>\n\n\n\n<p class=\"has-black-color has-text-color has-link-color wp-elements-1dc6d200f1ebe874dfdbc9bc9a4a8663\">Asl\u0131nda bir T\u00fcrkiye foto\u011fraf\u0131d\u0131r bu.<\/p>\n\n\n\n<p class=\"has-black-color has-text-color has-link-color wp-elements-853054d6b557d7154d8f37da5c9240ed\">Y\u00f6neteni, y\u00f6netileniyle&#8230;<\/p>\n\n\n\n<p class=\"has-black-color has-text-color has-link-color wp-elements-853f5a67d650c6e9046cf4a6cee7a818\">\u0130\u00e7inde hepimiz var\u0131z.<\/p>\n\n\n\n<p class=\"has-black-color has-text-color has-link-color wp-elements-fe6b84f61a8b7566533db95670a4813e\"><strong>\u201cKimin sorumlulu\u011fu daha fazla?\u201d<\/strong> sorusuna kafa yormak, <strong>\u201ctavuk mu yumurtadan, yumurta m\u0131 tavuktan \u00e7\u0131kar?\u201d<\/strong> tart\u0131\u015fmas\u0131nda nefes t\u00fcketmeye benziyor.<\/p>\n\n\n\n<p class=\"has-black-color has-text-color has-link-color wp-elements-f27aa2f308115a216a8b7f37cc2de8a1\">\u25cf\u25cf\u25cf<\/p>\n\n\n<div class=\"wp-block-image\">\n<figure class=\"alignright size-full is-resized\"><img loading=\"lazy\" decoding=\"async\" width=\"696\" height=\"392\" src=\"http:\/\/www.mehmetyucel.net\/wp-content\/uploads\/2022\/06\/dereli-konutlari-696x392-1.jpg\" alt=\"\" class=\"wp-image-117\" style=\"width:499px;height:281px\" srcset=\"http:\/\/www.mehmetyucel.net\/wp-content\/uploads\/2022\/06\/dereli-konutlari-696x392-1.jpg 696w, http:\/\/www.mehmetyucel.net\/wp-content\/uploads\/2022\/06\/dereli-konutlari-696x392-1-300x169.jpg 300w\" sizes=\"(max-width: 696px) 100vw, 696px\" \/><figcaption class=\"wp-element-caption\"><em><mark style=\"background-color:rgba(0, 0, 0, 0)\" class=\"has-inline-color has-black-color\">Giresun Dereli\u2019de ya\u015fanan sel sonras\u0131nda yap\u0131lan afet konutlar\u0131.<\/mark><\/em><\/figcaption><\/figure><\/div>\n\n\n<p class=\"has-black-color has-text-color has-link-color wp-elements-bc43ef77d7c3b777911ea2c5cb075ca0\">Kar\u015f\u0131la\u015ft\u0131\u011f\u0131m\u0131z tablo elbette \u00e7ok a\u011f\u0131r&#8230;<\/p>\n\n\n\n<p class=\"has-black-color has-text-color has-link-color wp-elements-8972e09e13bf532317109783528c6118\">Y\u00fcreklerimiz elbette yanmaya devam ediyor&#8230;<\/p>\n\n\n\n<p class=\"has-black-color has-text-color has-link-color wp-elements-5879d3afa52f3a8a40f3580f5f49d319\"><mark style=\"background-color:rgba(0, 0, 0, 0);color:#403f3f\" class=\"has-inline-color\">Peki, bu bir \u015feyi de\u011fi\u015ftiriyor mu?<\/mark><\/p>\n\n\n\n<p class=\"has-black-color has-text-color has-link-color wp-elements-5319ddfed9189454bbe38769d5008ef1\">Maalesef hay\u0131r.<\/p>\n\n\n\n<p class=\"has-black-color has-text-color has-link-color wp-elements-7f2df6297888547cd01e9b964573d330\">Bunu, Dereli\u2019de hi\u00e7bir \u015feyden ders al\u0131nmam\u0131\u015f\u00e7as\u0131na dere yata\u011f\u0131na yeniden in\u015fa edilen <strong>\u201cafet konutlar\u0131\u201d<\/strong>na bakarak anlamak m\u00fcmk\u00fcn.<\/p>\n\n\n\n<p class=\"has-black-color has-text-color has-link-color wp-elements-98a140ebc5f86817a72409bc4c3a8e58\">Kamusu, siviliyle&#8230;<\/p>\n\n\n\n<p class=\"has-black-color has-text-color has-link-color wp-elements-b153ac7bda0647c22e7511ffda7c31c5\">Ortak akl\u0131n Bozkurt\u2019ta, Ayanc\u0131k\u2019ta ve selden etkilenen di\u011fer y\u00f6relerde nas\u0131l hareket edece\u011fini ise \u00f6n\u00fcm\u00fczdeki g\u00fcnlerde g\u00f6rece\u011fiz.<\/p>\n\n\n\n<p class=\"has-black-color has-text-color has-link-color wp-elements-f27aa2f308115a216a8b7f37cc2de8a1\">\u25cf\u25cf\u25cf<\/p>\n\n\n\n<p class=\"has-black-color has-text-color has-link-color wp-elements-218758942ea7b99ceb6155b5a0495761\">Ancak \u015funun alt\u0131n\u0131 \u00e7izelim:<\/p>\n\n\n\n<p class=\"has-black-color has-text-color has-link-color wp-elements-e684b0539b428779202a6047d42a43e9\">Gelece\u011fimizi sa\u011fl\u0131kl\u0131 bir bi\u00e7imde yeniden kurabilmek i\u00e7in&#8230;<\/p>\n\n\n\n<p class=\"has-black-color has-text-color has-link-color wp-elements-72a3b61e051ea480ac68b7df8242978f\">Arama-kurtarma ve yard\u0131m \u00e7al\u0131\u015fmalar\u0131nda sergilenen performanslarla \u00f6v\u00fcnmektense&#8230;<\/p>\n\n\n\n<p class=\"has-black-color has-text-color has-link-color wp-elements-84e6c859db873e2f05f8dc78330e64bf\">Ge\u00e7mi\u015ften bug\u00fcne sorumluluklar\u0131m\u0131z\u0131n fark\u0131na vararak gere\u011fini yapmaya \u00e7al\u0131\u015fmak daha ak\u0131ll\u0131ca olsa gerek.<\/p>\n\n\n\n<p class=\"has-black-color has-text-color has-link-color wp-elements-f27aa2f308115a216a8b7f37cc2de8a1\">\u25cf\u25cf\u25cf<\/p>\n\n\n\n<p class=\"has-black-color has-text-color has-link-color wp-elements-54f64c4f8589ef1f977ac2b371cf0c32\">Kaybetti\u011fimiz canlar\u0131m\u0131za Allah\u2019tan rahmet&#8230;<\/p>\n\n\n\n<p class=\"has-black-color has-text-color has-link-color wp-elements-d17ff4435a0fe333c6cc28dc5d7fe8d1\">Yaralar\u0131n\u0131 sarmaya \u00e7al\u0131\u015fan karde\u015flerimize kolayl\u0131k ve sab\u0131r dileyerek&#8230;<\/p>\n\n\n\n<p class=\"has-black-color has-text-color has-link-color wp-elements-d45fcdccb20a1bbdd2eaf030fe2ff4ac\">Yaz\u0131m\u0131z\u0131&#8230;<\/p>\n\n\n\n<p><strong>K\u0131rm\u0131z\u0131 Pazartesi<\/strong>\u2019nin kahraman\u0131 <strong>Santiago Nazar<\/strong>\u2019\u0131n son s\u00f6zleriyle bitirelim:<\/p>\n\n\n\n<p><strong>\u201cBeni \u00f6ld\u00fcrd\u00fcler Wene Hala.\u201d<\/strong><\/p>\n\n\n\n<p><\/p>\n\n\n\n<p><strong>Mehmet Y\u00fccel<\/strong><\/p>\n","protected":false},"excerpt":{"rendered":"<p>Dere yataklar\u0131nda yerle\u015fim olmayaca\u011f\u0131n\u0131&#8230; Mimar Sinan\u2019dan ilham almadan k\u00f6pr\u00fc yap\u0131lmayaca\u011f\u0131n\u0131&#8230; Rant i\u015ftah\u0131yla yap\u0131lan \u015fehir planlar\u0131n\u0131n&#8230; Verilen imar ruhsatlar\u0131n\u0131n ak\u0131lla, bilimle ba\u011fda\u015fmayaca\u011f\u0131n\u0131&#8230; Vadi i\u00e7lerinde orman emvali depolanmayaca\u011f\u0131n\u0131&#8230; \u201cDo\u011fal afetler tarihi\u201dne itibar etmemenin&#8230; \u0130\u015fin ehline kulak vermemenin sonu\u00e7lar\u0131n\u0131n a\u011f\u0131r olaca\u011f\u0131n\u0131&#8230; Ve s\u0131ralayabilece\u011fimiz daha pek \u00e7ok olumsuzlu\u011fu&#8230; San\u0131lan\u0131n aksine&#8230; Herkes biliyordu! Kolombiyal\u0131 yazar Gabriel Garcia Marquez \u201cK\u0131rm\u0131z\u0131 Pazartesi\u201d [&hellip;]<\/p>\n","protected":false},"author":1,"featured_media":119,"comment_status":"open","ping_status":"open","sticky":false,"template":"","format":"standard","meta":{"footnotes":""},"categories":[3],"tags":[],"_links":{"self":[{"href":"http:\/\/www.mehmetyucel.net\/index.php\/wp-json\/wp\/v2\/posts\/25"}],"collection":[{"href":"http:\/\/www.mehmetyucel.net\/index.php\/wp-json\/wp\/v2\/posts"}],"about":[{"href":"http:\/\/www.mehmetyucel.net\/index.php\/wp-json\/wp\/v2\/types\/post"}],"author":[{"embeddable":true,"href":"http:\/\/www.mehmetyucel.net\/index.php\/wp-json\/wp\/v2\/users\/1"}],"replies":[{"embeddable":true,"href":"http:\/\/www.mehmetyucel.net\/index.php\/wp-json\/wp\/v2\/comments?post=25"}],"version-history":[{"count":14,"href":"http:\/\/www.mehmetyucel.net\/index.php\/wp-json\/wp\/v2\/posts\/25\/revisions"}],"predecessor-version":[{"id":956,"href":"http:\/\/www.mehmetyucel.net\/index.php\/wp-json\/wp\/v2\/posts\/25\/revisions\/956"}],"wp:featuredmedia":[{"embeddable":true,"href":"http:\/\/www.mehmetyucel.net\/index.php\/wp-json\/wp\/v2\/media\/119"}],"wp:attachment":[{"href":"http:\/\/www.mehmetyucel.net\/index.php\/wp-json\/wp\/v2\/media?parent=25"}],"wp:term":[{"taxonomy":"category","embeddable":true,"href":"http:\/\/www.mehmetyucel.net\/index.php\/wp-json\/wp\/v2\/categories?post=25"},{"taxonomy":"post_tag","embeddable":true,"href":"http:\/\/www.mehmetyucel.net\/index.php\/wp-json\/wp\/v2\/tags?post=25"}],"curies":[{"name":"wp","href":"https:\/\/api.w.org\/{rel}","templated":true}]}}