{"id":27,"date":"2022-05-24T13:39:00","date_gmt":"2022-05-24T13:39:00","guid":{"rendered":"http:\/\/www.mehmetyucel.net\/index.php\/2022\/05\/23\/nothing-left-but-pieces-of-you\/"},"modified":"2025-08-15T11:16:40","modified_gmt":"2025-08-15T11:16:40","slug":"guney-kore-uzerinden-kendimizi-okumak","status":"publish","type":"post","link":"http:\/\/www.mehmetyucel.net\/index.php\/2022\/05\/24\/guney-kore-uzerinden-kendimizi-okumak\/","title":{"rendered":"G\u00fcney Kore \u00fczerinden kendimizi okumak\u2026"},"content":{"rendered":"\n<h3 class=\"wp-block-heading has-black-color has-text-color has-link-color wp-elements-ea62daecf6a2b5fdf5f5fe3bc770b8f3\"><em>Onlar neyi, nas\u0131l yap\u0131yor da giderek zenginle\u015fiyor? Biz nerede hata yap\u0131yor ve yerimizde say\u0131yoruz?<\/em><\/h3>\n\n\n\n<p><\/p>\n\n\n\n<p class=\"has-black-color has-text-color has-link-color wp-elements-6a182712ddb2c8b94098d830107d88a5\">25 Haziran 1950\u2026<\/p>\n\n\n\n<p class=\"has-black-color has-text-color has-link-color wp-elements-a259cdadc2d876732c634876b42e7a39\">Kuzey Kore, Sovyetler Birli\u011fi ve \u00c7in\u2019in deste\u011fiyle G\u00fcney Kore\u2019yi i\u015fgal ediyor\u2026<\/p>\n\n\n<div class=\"wp-block-image\">\n<figure class=\"alignleft is-resized\"><img loading=\"lazy\" decoding=\"async\" width=\"609\" height=\"1000\" src=\"https:\/\/www.mehmetyucel.net\/wp-content\/uploads\/2025\/05\/Mehmet-Yucel-SON.jpg\" alt=\"\" class=\"wp-image-933\" style=\"width:138px;height:auto\" srcset=\"http:\/\/www.mehmetyucel.net\/wp-content\/uploads\/2025\/05\/Mehmet-Yucel-SON.jpg 609w, http:\/\/www.mehmetyucel.net\/wp-content\/uploads\/2025\/05\/Mehmet-Yucel-SON-183x300.jpg 183w\" sizes=\"(max-width: 609px) 100vw, 609px\" \/><\/figure><\/div>\n\n\n<p class=\"has-black-color has-text-color has-link-color wp-elements-ced09ec243f83dc929d071d870464943\">Bunun \u00fczerine\u2026<\/p>\n\n\n\n<p class=\"has-black-color has-text-color has-link-color wp-elements-e240f5f0aab6afa167815ba4e64755a3\">Birle\u015fmi\u015f Milletler G\u00fcvenlik Konseyi Kuzey Kore\u2019ye asker\u00ee m\u00fcdahale karar\u0131 al\u0131yor.<\/p>\n\n\n\n<p class=\"has-black-color has-text-color has-link-color wp-elements-d69e700c656221eb0a3dad1d2cbdf7e1\">Bu \u00e7a\u011fr\u0131ya olumlu cevap veren T\u00fcrkiye, TBMM\u2019nin 30 Haziran 1950 tarihli oturumunda G\u00fcney Kore\u2019ye asker g\u00f6nderme karar\u0131 \u00e7\u0131kart\u0131yor ve Genelkurmay Ba\u015fkanl\u0131\u011f\u0131\u2019nca 1 tugay ile 241. Piyade Alay\u0131 bu \u00fclkeye g\u00f6revlendiriliyor.<\/p>\n\n\n\n<p class=\"has-black-color has-text-color has-link-color wp-elements-4361ba2cb58d4ba97b6bd9af1927ac4d\">B\u00f6yle bir karar\u0131n al\u0131nmas\u0131n\u0131n alt\u0131nda yatan en bilinen neden, NATO\u2019ya girme s\u00fcrecimize katk\u0131 sa\u011flamak.<\/p>\n\n\n\n<p class=\"has-black-color has-text-color has-link-color wp-elements-f27aa2f308115a216a8b7f37cc2de8a1\">\u25cf\u25cf\u25cf<\/p>\n\n\n\n<p class=\"has-black-color has-text-color has-link-color wp-elements-c8d64e575f2868efbffe9ca7fbf33519\">Askerimiz Kore\u2019de b\u00fcy\u00fck kahramanl\u0131klar sergiliyor\u2026<\/p>\n\n\n\n<p class=\"has-black-color has-text-color has-link-color wp-elements-4f428dd7b23b13e620824a7424128830\">Kunuri ve Kumyangjang-Ni muharebelerinde destanlar yaz\u0131yor\u2026<\/p>\n\n\n\n<p class=\"has-black-color has-text-color has-link-color wp-elements-c72f62268d7ea066ec5a76f4965cd178\">\u00c7in ordusuna kar\u015f\u0131 sa\u011flanan ba\u015far\u0131lar Birle\u015fmi\u015f Milletler kuvvetlerini b\u00fcy\u00fck bir hezimetten kurtar\u0131yor\u2026<\/p>\n\n\n\n<p class=\"has-black-color has-text-color has-link-color wp-elements-f7e14cdb6b0c7ac6c4328b5b3c2bf9ec\">Seul savunmas\u0131yla ba\u015fkentin d\u00fc\u015fman\u0131n eline ge\u00e7mesi engelleniyor\u2026<\/p>\n\n\n\n<p class=\"has-black-color has-text-color has-link-color wp-elements-fd7ecd5ee1d5d370fceb5c14de88157a\">Wegas Muharebesi ile de ate\u015fkes anla\u015fmas\u0131n\u0131n \u00f6n\u00fc a\u00e7\u0131l\u0131yor\u2026<\/p>\n\n\n\n<p class=\"has-black-color has-text-color has-link-color wp-elements-c8800770fa0e0bb6de354d58407ef8d6\">Nihayet G\u00fcney Kore kurtar\u0131l\u0131yor.<\/p>\n\n\n\n<p class=\"has-black-color has-text-color has-link-color wp-elements-3c38e21f195bb5a3eee7b977a3032d59\">Bu ba\u015far\u0131lar e\u015fli\u011finde 1952 y\u0131l\u0131nda NATO\u2019ya giriyoruz.<\/p>\n\n\n<div class=\"wp-block-image\">\n<figure class=\"alignright is-resized\"><img loading=\"lazy\" decoding=\"async\" width=\"1072\" height=\"768\" src=\"http:\/\/www.mehmetyucel.net\/wp-content\/uploads\/2022\/05\/Turkiye-Koreye-asker.jpg\" alt=\"\" class=\"wp-image-974\" style=\"width:434px;height:auto\" srcset=\"http:\/\/www.mehmetyucel.net\/wp-content\/uploads\/2022\/05\/Turkiye-Koreye-asker.jpg 1072w, http:\/\/www.mehmetyucel.net\/wp-content\/uploads\/2022\/05\/Turkiye-Koreye-asker-300x215.jpg 300w, http:\/\/www.mehmetyucel.net\/wp-content\/uploads\/2022\/05\/Turkiye-Koreye-asker-1024x734.jpg 1024w, http:\/\/www.mehmetyucel.net\/wp-content\/uploads\/2022\/05\/Turkiye-Koreye-asker-768x550.jpg 768w, http:\/\/www.mehmetyucel.net\/wp-content\/uploads\/2022\/05\/Turkiye-Koreye-asker-120x86.jpg 120w, http:\/\/www.mehmetyucel.net\/wp-content\/uploads\/2022\/05\/Turkiye-Koreye-asker-350x250.jpg 350w, http:\/\/www.mehmetyucel.net\/wp-content\/uploads\/2022\/05\/Turkiye-Koreye-asker-750x537.jpg 750w\" sizes=\"(max-width: 1072px) 100vw, 1072px\" \/><\/figure><\/div>\n\n\n<div class=\"wp-block-columns is-layout-flex wp-container-core-columns-layout-2 wp-block-columns-is-layout-flex\">\n<div class=\"wp-block-column is-layout-flow wp-block-column-is-layout-flow\" style=\"flex-basis:100%\">\n<div class=\"wp-block-columns are-vertically-aligned-center is-layout-flex wp-container-core-columns-layout-1 wp-block-columns-is-layout-flex\"><\/div>\n<\/div>\n<\/div>\n\n\n\n<p class=\"has-black-color has-text-color has-link-color wp-elements-9b87a183ad3aedf5a12243cb76572ef6\">Fakat \u00f6dedi\u011fimiz bedel hayli a\u011f\u0131r:<\/p>\n\n\n\n<p class=\"has-black-color has-text-color has-link-color wp-elements-2ed91bcafd7a5f898c13bba051edb355\">741 askerimiz \u015fehit.<\/p>\n\n\n\n<p class=\"has-black-color has-text-color has-link-color wp-elements-67c40a8b12d51c3e572ee529784d7cab\">2 bin 147 askerimiz gazi.<\/p>\n\n\n\n<p class=\"has-black-color has-text-color has-link-color wp-elements-16dc5cf7f35029cbd402db58b9271e5f\">234 askerimiz esir.<\/p>\n\n\n\n<p class=\"has-black-color has-text-color has-link-color wp-elements-7ce58878bd227b42e89f67c676e1ee02\">175 askerimiz ise kay\u0131p.<\/p>\n\n\n\n<p class=\"has-black-color has-text-color has-link-color wp-elements-f27aa2f308115a216a8b7f37cc2de8a1\">\u25cf\u25cf\u25cf<\/p>\n\n\n\n<p class=\"has-black-color has-text-color has-link-color wp-elements-dcad27d36120b49481dc11a2c4f75620\">Sonraki y\u0131llar\u0131m\u0131z\u0131 hat\u0131rlayal\u0131m\u2026<\/p>\n\n\n\n<p class=\"has-black-color has-text-color has-link-color wp-elements-6c7ec97c44b037b34470ad6d2a041b05\">1960\u2019ta\u2026<\/p>\n\n\n\n<p class=\"has-black-color has-text-color has-link-color wp-elements-a056d4417c9f3e413ebb1b07ccf46158\">\u0130zlerini h\u00e2l\u00e2 silemedi\u011fimiz 27 May\u0131s Darbesi\u2026<\/p>\n\n\n\n<p class=\"has-black-color has-text-color has-link-color wp-elements-1de6c6bd0857067317b2f2bd240515f1\">1971\u2019de\u2026<\/p>\n\n\n\n<p class=\"has-black-color has-text-color has-link-color wp-elements-b89ba5b182722ddd5c68aa28d04689d6\">12 Mart Muht\u0131ras\u0131\u2026<\/p>\n\n\n\n<p class=\"has-black-color has-text-color has-link-color wp-elements-de5665bc9f58c368f8a1306f6a3895e8\">1980\u2019de\u2026<\/p>\n\n\n\n<p class=\"has-black-color has-text-color has-link-color wp-elements-74953d8972dbab1395084ae50872a890\">12 Eyl\u00fcl Askeri Darbesi\u2026<\/p>\n\n\n\n<p class=\"has-black-color has-text-color has-link-color wp-elements-893011401b9c509649d6972a009b7756\">\u0130lerleyen y\u0131llarda bir de 28 \u015eubat garabeti\u2026<\/p>\n\n\n\n<p class=\"has-black-color has-text-color has-link-color wp-elements-e8cbaaa5b77860b52392da945ba4e307\">Travma \u00fcst\u00fcne travma\u2026<\/p>\n\n\n\n<p class=\"has-black-color has-text-color has-link-color wp-elements-f27aa2f308115a216a8b7f37cc2de8a1\">\u25cf\u25cf\u25cf<\/p>\n\n\n\n<p class=\"has-black-color has-text-color has-link-color wp-elements-babd632b8cc9e3b15a259b8080407d7e\">Anlatt\u0131klar\u0131m\u0131z arka planda dursun\u2026<\/p>\n\n\n\n<p class=\"has-black-color has-text-color has-link-color wp-elements-219ef660396d21047f70ae21b103f25b\">Konumuz bu de\u011fil!<\/p>\n\n\n\n<p class=\"has-black-color has-text-color has-link-color wp-elements-6910279e3685d4cdf11149143ee1aaf4\">Biz as\u0131l konumuza d\u00f6nelim\u2026<\/p>\n\n\n\n<p class=\"has-black-color has-text-color has-link-color wp-elements-71ead917d84fb7371b317c259ab3aef4\">Ve&nbsp;<strong>\u201ckurtaran-kurtar\u0131lan penceresi\u201d<\/strong>nden G\u00fcney Kore ile T\u00fcrkiye\u2019nin baz\u0131 temel g\u00f6stergelerine ili\u015fkin tabloyu dikkatle inceleyelim:<\/p>\n\n\n\n<figure class=\"wp-block-gallery has-nested-images columns-default is-cropped wp-block-gallery-1 is-layout-flex wp-block-gallery-is-layout-flex\"><\/figure>\n\n\n<div class=\"wp-block-image\">\n<figure class=\"aligncenter\"><img loading=\"lazy\" decoding=\"async\" width=\"663\" height=\"564\" src=\"http:\/\/www.mehmetyucel.net\/wp-content\/uploads\/2022\/05\/Kore.jpg\" alt=\"\" class=\"wp-image-973\" srcset=\"http:\/\/www.mehmetyucel.net\/wp-content\/uploads\/2022\/05\/Kore.jpg 663w, http:\/\/www.mehmetyucel.net\/wp-content\/uploads\/2022\/05\/Kore-300x255.jpg 300w\" sizes=\"(max-width: 663px) 100vw, 663px\" \/><\/figure><\/div>\n\n\n<p class=\"has-text-align-center\"><em>Kaynak: IMF, WEO Database, April, 2017<\/em><\/p>\n\n\n\n<p><\/p>\n\n\n\n<p class=\"has-black-color has-text-color has-link-color wp-elements-acc4a82ef27cfdb9ebfbef2b493b3873\">Bu arada hat\u0131rlatal\u0131m T\u00fcrkiye\u2019nin y\u00fcz\u00f6l\u00e7\u00fcm\u00fc 783.562 km2.<\/p>\n\n\n\n<p class=\"has-black-color has-text-color has-link-color wp-elements-716d0244c2818acb7924a0a99c442854\">G\u00fcney Kore\u2019nin y\u00fcz\u00f6l\u00e7\u00fcm\u00fc ise 100.210 km2.<\/p>\n\n\n\n<p class=\"has-black-color has-text-color has-link-color wp-elements-dafccac308df87843b3f83ad01b50437\">G\u00f6r\u00fcld\u00fc\u011f\u00fc gibi rakamlar 1980\u2019lere kadar \u00f6nde oldu\u011fumuzu net bir bi\u00e7imde ortaya koyuyor.<\/p>\n\n\n\n<p class=\"has-black-color has-text-color has-link-color wp-elements-a9f2570d32d717f52fed0c77e976822a\">80\u2019lerden itibaren tel tel d\u00f6k\u00fcl\u00fcyoruz\u2026<\/p>\n\n\n\n<p class=\"has-black-color has-text-color has-link-color wp-elements-cf86c90c8730610fb19d26c69d94b322\"><strong>Ge\u00e7en y\u0131l\u0131n rakamlar\u0131 aradaki u\u00e7urumu \u00f6zetliyor:<\/strong><\/p>\n\n\n\n<p class=\"has-black-color has-text-color has-link-color wp-elements-6544445481704c0644d696a07f4a4b82\"><strong>2020\u2019de G\u00fcney Kore\u2019nin Gayri Safi Yurti\u00e7i Has\u0131las\u0131 2.011 milyar dolar, T\u00fcrkiye\u2019ninki 717 milyar dolar.<\/strong><\/p>\n\n\n\n<p class=\"has-black-color has-text-color has-link-color wp-elements-a8e0c1fb4d1b6e49b9d8d4bd9d478ce6\">Yani onlar\u0131nki 2 trilyon 11 milyar dolar, bizimki neredeyse \u00fc\u00e7te biri kadar.<\/p>\n\n\n\n<p class=\"has-black-color has-text-color has-link-color wp-elements-760d77da66d2426b72e17336c56e6d91\">Ki\u015fi ba\u015f\u0131na d\u00fc\u015fen milli gelir; onlar\u0131nki 47 bin 134 dolar, bizimki &nbsp;8 bin 599 dolar.<\/p>\n\n\n\n<p class=\"has-black-color has-text-color has-link-color wp-elements-51e4e22cfdd87c6f3205eafd16a833d2\">\u0130\u015fsizlik oran\u0131; onlar\u0131nki y\u00fczde 3,3, bizimki y\u00fczde 13,2.<\/p>\n\n\n\n<p class=\"has-black-color has-text-color has-link-color wp-elements-7b74927a1b61bd8412a5548791e3c9e7\">Y\u00fczde 30\u2019lar\u0131n \u00fczerine do\u011fru h\u0131zla t\u0131rmanan gen\u00e7 i\u015fsizli\u011fi sorunumuz ise zaten ayr\u0131 bir problem.<\/p>\n\n\n\n<p class=\"has-black-color has-text-color has-link-color wp-elements-f27aa2f308115a216a8b7f37cc2de8a1\">\u25cf\u25cf\u25cf<\/p>\n\n\n\n<p class=\"has-black-color has-text-color has-link-color wp-elements-e5831be0b3eb86d4aa5ae01d6f834d1e\">Detaya indik\u00e7e i\u00e7imiz ac\u0131yor\u2026<\/p>\n\n\n\n<p class=\"has-black-color has-text-color has-link-color wp-elements-d7096b21558f8de2ede3a6999dc67c4c\">Son bir veri daha ekleyelim\u2026<\/p>\n\n\n\n<p class=\"has-black-color has-text-color has-link-color wp-elements-450169efb1b4a41761e324f81cac308c\">G\u00fcney Kore\u2019nin ba\u015fta Samsung olmak \u00fczere d\u00fcnyan\u0131n en bilinen markalar\u0131 aras\u0131na girmeyi ba\u015farm\u0131\u015f Hyundai, Kia, LG, Hankook vb. gibi \u00e7ok say\u0131da&nbsp;<strong>\u201cd\u00fcnya markas\u0131\u201d<\/strong>&nbsp;varken biz&nbsp;<strong>\u201cnal topluyoruz\u2026\u201d<\/strong><\/p>\n\n\n\n<p class=\"has-black-color has-text-color has-link-color wp-elements-f27aa2f308115a216a8b7f37cc2de8a1\">\u25cf\u25cf\u25cf<\/p>\n\n\n\n<p class=\"has-black-color has-text-color has-link-color wp-elements-97a5f4ed3d0e25dde06995b5863f56f5\">H\u00e2lbuki bu tablo\u2026<\/p>\n\n\n\n<p class=\"has-black-color has-text-color has-link-color wp-elements-d6a276497f1e66f686db4c9095136ac4\">Yedi d\u00fcvele kar\u015f\u0131 kurtulu\u015f m\u00fccadelesi vermi\u015f\u2026<\/p>\n\n\n\n<p class=\"has-black-color has-text-color has-link-color wp-elements-befee1c426519ce34b26c25211b1bc21\">Yetmemi\u015f\u2026<\/p>\n\n\n\n<p class=\"has-black-color has-text-color has-link-color wp-elements-e1ed8c71e37fbe98222167ec179bdb36\">\u0130\u015fgale u\u011frayan \u00e7ok uzaklardaki bir \u00fclkenin yard\u0131m \u00e7a\u011fr\u0131s\u0131na evl\u00e2tlar\u0131n\u0131n can\u0131n\u0131 ortaya koyarak ko\u015fmu\u015f bir \u00fclkenin yurtta\u015flar\u0131 olarak hepimizi derinden d\u00fc\u015f\u00fcnd\u00fcrmeli:<\/p>\n\n\n\n<p class=\"has-black-color has-text-color has-link-color wp-elements-68f733e1858bc092e8174bc8652732ae\"><strong>Onlar neyi, nas\u0131l yap\u0131yor da giderek zenginle\u015fiyor?<\/strong><\/p>\n\n\n\n<p class=\"has-black-color has-text-color has-link-color wp-elements-5868438cc249fe9602614123215078f6\"><strong>Biz nerede hata yap\u0131yor ve yerimizde say\u0131yoruz?<\/strong><\/p>\n\n\n\n<p class=\"has-black-color has-text-color has-link-color wp-elements-dd4987284b6749fd769e196f71cb77f5\">Bu sorulara&nbsp;<strong>\u201c\u00fcz\u00fcm yeme\u201d<\/strong>&nbsp;iste\u011fiyle cevap aramak ve el ele \u00e7\u00f6z\u00fcme odaklanmak yerine\u2026<\/p>\n\n\n\n<p class=\"has-black-color has-text-color has-link-color wp-elements-3bece9edb8be3c0ab5308264e28c6988\">H\u00e2l\u00e2\u2026<\/p>\n\n\n\n<p class=\"has-black-color has-text-color has-link-color wp-elements-dc32cc873d6c4ab85a3a7939beb98eaa\">Yeni bir anayasa yapal\u0131m m\u0131, yapmayal\u0131m m\u0131?<\/p>\n\n\n\n<p class=\"has-black-color has-text-color has-link-color wp-elements-c1cd7aee926723af10c981a99b2671f6\">Siyasi Partiler Kanunu\u2019nu de\u011fi\u015ftirelim mi, de\u011fi\u015ftirmeyelim mi?<\/p>\n\n\n\n<p class=\"has-black-color has-text-color has-link-color wp-elements-fbc318d739e1ae15e3a87b57bb093df7\">Se\u00e7im Kanunumuz temsilde adaleti mi g\u00f6zetsin, y\u00f6netimde istikrar\u0131 m\u0131?<\/p>\n\n\n\n<p class=\"has-black-color has-text-color has-link-color wp-elements-008564f480cc834d4d3fd6c45dda6cc0\">E\u011fitim sistemimizi \u00f6yle mi yap\u0131land\u0131ral\u0131m, b\u00f6yle mi?<\/p>\n\n\n\n<p class=\"has-black-color has-text-color has-link-color wp-elements-4fa7794044a0885385fd35de637fea0a\">Y\u00d6K akademinin ruhuna uygun mu, ters mi?<\/p>\n\n\n\n<p class=\"has-black-color has-text-color has-link-color wp-elements-6e4ab086a564bcb6f3d270da5b09d81a\">Liyakati \u00f6ne \u00e7\u0131karal\u0131m m\u0131, bo\u015f mu verelim?<\/p>\n\n\n\n<p class=\"has-black-color has-text-color has-link-color wp-elements-2a4c9da4f42c5ac7ff0071cc7d60906d\">G\u00f6revini k\u00f6t\u00fcye kullanan herhangi biri senden mi, benden mi?<\/p>\n\n\n\n<p class=\"has-black-color has-text-color has-link-color wp-elements-69f1028d9858dd6809dc58f7a68fc23b\">Nevzuhur bildirilerden medet umulur mu, umulmaz m\u0131?<\/p>\n\n\n\n<p class=\"has-black-color has-text-color has-link-color wp-elements-7134b127ad13b646617ce2c4bde410f6\">Zarf da mazruf kadar \u00f6nemli mi, de\u011fil mi?<\/p>\n\n\n\n<p class=\"has-black-color has-text-color has-link-color wp-elements-ed33bc4f3dbf1cb47a78262f9ca0205d\">\u015eeklinde, say\u0131lar\u0131 her ge\u00e7en g\u00fcn daha da artan tart\u0131\u015fmalarla enerjimizi heba ediyoruz\u2026<\/p>\n\n\n\n<p class=\"has-black-color has-text-color has-link-color wp-elements-a282265f9b77d27552f2faee4b26db43\"><strong>\u201cAz gidiyoruz, uz gidiyoruz\u201d<\/strong>&nbsp;bir de d\u00f6n\u00fcp arkam\u0131za -kar\u015f\u0131la\u015ft\u0131rmal\u0131 olarak- bak\u0131yoruz ki, gide gide sadece&nbsp;<strong>\u201cbir arpa boyu\u201d<\/strong>&nbsp;yol gidebilmi\u015fiz.<\/p>\n\n\n\n<p class=\"has-black-color has-text-color has-link-color wp-elements-f27aa2f308115a216a8b7f37cc2de8a1\">\u25cf\u25cf\u25cf<\/p>\n\n\n\n<p class=\"has-black-color has-text-color has-link-color wp-elements-6085dc543119f18e8c9de6377ac62454\"><strong>\u201cKurtaran\u201d<\/strong>&nbsp;ve&nbsp;<strong>\u201ckurtar\u0131lan\u201d<\/strong>&nbsp;iki \u00fclkenin\u2026<\/p>\n\n\n\n<p class=\"has-black-color has-text-color has-link-color wp-elements-5373a6a7193f6fe1c13229969ba9a056\">T\u00fcrkiye ile G\u00fcney Kore\u2019nin k\u0131yaslanmas\u0131 \u00fczerinden&nbsp;<strong>k\u0131rk,<\/strong>&nbsp;<strong>elli y\u0131l\u0131na bizzat \u015fahit oldu\u011fumuz dramatik bir ser\u00fcven bu.<\/strong><\/p>\n\n\n\n<p class=\"has-black-color has-text-color has-link-color wp-elements-bb4b9295891ac97bbb64f8feb4e3a52c\">Yaz\u0131k.<\/p>\n\n\n\n<p class=\"has-black-color has-text-color has-link-color wp-elements-d3a82b5360fae1246638c88f1227aad7\">Dijital \u00e7a\u011f\u0131n tam anlam\u0131yla ba\u015flad\u0131\u011f\u0131 bug\u00fcnlerde\u2026<\/p>\n\n\n\n<p class=\"has-black-color has-text-color has-link-color wp-elements-bab13293b686d86d7a228627ada43595\">\u00c7ocuklar\u0131m\u0131za ne diyece\u011fini bilemiyor insan!<\/p>\n\n\n\n<p class=\"has-black-color has-text-color has-link-color wp-elements-f27aa2f308115a216a8b7f37cc2de8a1\">\u25cf\u25cf\u25cf<\/p>\n\n\n\n<p class=\"has-black-color has-text-color has-link-color wp-elements-3b42975d6bea08f6c6f7600057fe4a99\">Neyse\u2026<\/p>\n\n\n\n<p class=\"has-black-color has-text-color has-link-color wp-elements-2adef2a1a32e4314295e4242429036bd\">Yaz\u0131 da burada bitti.<\/p>\n\n\n\n<p class=\"has-black-color has-text-color has-link-color wp-elements-c535110a07dc60fd4aea6ef205ad1f5c\">Sadece yaz\u0131 olsa iyi, \u00f6mr\u00fcm\u00fcz bitti.<\/p>\n\n\n\n<p class=\"has-black-color has-text-color has-link-color wp-elements-b2cf2a62868ceb5bd3df5f8b0f5b6d59\"><strong>Mehmet Y\u00fccel<\/strong><\/p>\n\n\n\n<h2 class=\"wp-block-heading\"><\/h2>\n","protected":false},"excerpt":{"rendered":"<p>Onlar neyi, nas\u0131l yap\u0131yor da giderek zenginle\u015fiyor? Biz nerede hata yap\u0131yor ve yerimizde say\u0131yoruz? 25 Haziran 1950\u2026 Kuzey Kore, Sovyetler Birli\u011fi ve \u00c7in\u2019in deste\u011fiyle G\u00fcney Kore\u2019yi i\u015fgal ediyor\u2026 Bunun \u00fczerine\u2026 Birle\u015fmi\u015f Milletler G\u00fcvenlik Konseyi Kuzey Kore\u2019ye asker\u00ee m\u00fcdahale karar\u0131 al\u0131yor. Bu \u00e7a\u011fr\u0131ya olumlu cevap veren T\u00fcrkiye, TBMM\u2019nin 30 Haziran 1950 tarihli oturumunda G\u00fcney Kore\u2019ye asker [&hellip;]<\/p>\n","protected":false},"author":1,"featured_media":135,"comment_status":"open","ping_status":"open","sticky":false,"template":"","format":"standard","meta":{"footnotes":""},"categories":[3],"tags":[],"_links":{"self":[{"href":"http:\/\/www.mehmetyucel.net\/index.php\/wp-json\/wp\/v2\/posts\/27"}],"collection":[{"href":"http:\/\/www.mehmetyucel.net\/index.php\/wp-json\/wp\/v2\/posts"}],"about":[{"href":"http:\/\/www.mehmetyucel.net\/index.php\/wp-json\/wp\/v2\/types\/post"}],"author":[{"embeddable":true,"href":"http:\/\/www.mehmetyucel.net\/index.php\/wp-json\/wp\/v2\/users\/1"}],"replies":[{"embeddable":true,"href":"http:\/\/www.mehmetyucel.net\/index.php\/wp-json\/wp\/v2\/comments?post=27"}],"version-history":[{"count":11,"href":"http:\/\/www.mehmetyucel.net\/index.php\/wp-json\/wp\/v2\/posts\/27\/revisions"}],"predecessor-version":[{"id":978,"href":"http:\/\/www.mehmetyucel.net\/index.php\/wp-json\/wp\/v2\/posts\/27\/revisions\/978"}],"wp:featuredmedia":[{"embeddable":true,"href":"http:\/\/www.mehmetyucel.net\/index.php\/wp-json\/wp\/v2\/media\/135"}],"wp:attachment":[{"href":"http:\/\/www.mehmetyucel.net\/index.php\/wp-json\/wp\/v2\/media?parent=27"}],"wp:term":[{"taxonomy":"category","embeddable":true,"href":"http:\/\/www.mehmetyucel.net\/index.php\/wp-json\/wp\/v2\/categories?post=27"},{"taxonomy":"post_tag","embeddable":true,"href":"http:\/\/www.mehmetyucel.net\/index.php\/wp-json\/wp\/v2\/tags?post=27"}],"curies":[{"name":"wp","href":"https:\/\/api.w.org\/{rel}","templated":true}]}}