{"id":271,"date":"2022-05-25T00:57:00","date_gmt":"2022-05-25T00:57:00","guid":{"rendered":"https:\/\/www.mehmetyucel.net\/?p=271"},"modified":"2025-08-13T09:29:35","modified_gmt":"2025-08-13T09:29:35","slug":"insanlik-icin-ihtar-vaktiydi-ama","status":"publish","type":"post","link":"http:\/\/www.mehmetyucel.net\/index.php\/2022\/05\/25\/insanlik-icin-ihtar-vaktiydi-ama\/","title":{"rendered":"\u201c\u0130nsanl\u0131k i\u00e7in ihtar vakti\u201dydi, ama\u2026"},"content":{"rendered":"\n<p><a href=\"https:\/\/www.gastetech.com\/wp-content\/uploads\/2021\/05\/Covid-19x.jpg\"><\/a><\/p>\n\n\n\n<blockquote class=\"wp-block-quote\">\n<h5 class=\"wp-block-heading has-black-color has-text-color has-link-color has-medium-font-size wp-elements-1d1b105a6003dd0202170ceee4df67c7\"><em>Anla\u015f\u0131lan o ki, 1955\u2019te buldu\u011fu \u00e7ocuk felci a\u015f\u0131s\u0131n\u0131&nbsp;<strong>\u201cg\u00fcne\u015fin patentini alabilir misin?\u201d<\/strong>&nbsp;sorusuyla&nbsp;<strong>\u201c\u00f6zg\u00fcr b\u0131rakarak\u201d<\/strong>&nbsp;b\u00fcy\u00fck bir serveti elinin tersiyle iten&nbsp;<strong>Jonas Salk<\/strong>\u2019\u0131n davran\u0131\u015f\u0131n\u0131n g\u00fcn\u00fcm\u00fcz d\u00fcnyas\u0131nda etik bir kar\u015f\u0131l\u0131\u011f\u0131 kalmam\u0131\u015f.<\/em><\/h5>\n<\/blockquote>\n\n\n\n<p class=\"has-black-color has-text-color has-link-color wp-elements-dac9b754bdcdd2d85e51cb7e3be38cbb\">\u00dclkemizde koronavir\u00fcs vakalar\u0131n\u0131 ilk kez g\u00f6rmeye ba\u015flad\u0131\u011f\u0131m\u0131z g\u00fcnlerin hemen ard\u0131ndan 21 Mart 2020\u2019de&nbsp;<strong>\u201c\u0130nsanl\u0131k i\u00e7in ihtar vakti!\u201d<\/strong>&nbsp;ba\u015fl\u0131kl\u0131 bir yaz\u0131 kaleme alm\u0131\u015f ve bu noktaya nas\u0131l geldi\u011fimizi kendi penceremden \u00f6zetlemeye \u00e7al\u0131\u015fm\u0131\u015ft\u0131m\u2026<\/p>\n\n\n<div class=\"wp-block-image\">\n<figure class=\"alignleft is-resized\"><img loading=\"lazy\" decoding=\"async\" width=\"609\" height=\"1000\" src=\"https:\/\/www.mehmetyucel.net\/wp-content\/uploads\/2025\/05\/Mehmet-Yucel-SON.jpg\" alt=\"\" class=\"wp-image-933\" style=\"width:157px;height:auto\" srcset=\"http:\/\/www.mehmetyucel.net\/wp-content\/uploads\/2025\/05\/Mehmet-Yucel-SON.jpg 609w, http:\/\/www.mehmetyucel.net\/wp-content\/uploads\/2025\/05\/Mehmet-Yucel-SON-183x300.jpg 183w\" sizes=\"(max-width: 609px) 100vw, 609px\" \/><\/figure><\/div>\n\n\n<p class=\"has-black-color has-text-color has-link-color wp-elements-4747900672c30485b9c09384fd382e1e\">\u0130sterseniz \u00f6nce o yaz\u0131y\u0131 bir hat\u0131rlayal\u0131m:<\/p>\n\n\n\n<p class=\"has-black-color has-text-color has-link-color wp-elements-7d68090451dee5f0a851437fe713ba83\"><em><strong>\u201c<\/strong>Zaman dur durak bilmeksizin ak\u0131p ge\u00e7iyordu\u2026<\/em><\/p>\n\n\n\n<p class=\"has-black-color has-text-color has-link-color wp-elements-20c04be3e6488943793a4569797490bf\"><em>Ya\u015fad\u0131\u011f\u0131m\u0131z\u0131&nbsp;<strong>\u201csan\u0131yor\u2026\u201d<\/strong><\/em><\/p>\n\n\n\n<p class=\"has-black-color has-text-color has-link-color wp-elements-8bf5ea758e982fae018f5abeee2af401\"><em>Ad\u0131na&nbsp;<strong>\u201chayat\u201d<\/strong>&nbsp;diyorduk\u2026<\/em><\/p>\n\n\n\n<p class=\"has-black-color has-text-color has-link-color wp-elements-23ec756fda10a75c07cb9d72829b102c\"><em>\u0130nsan\u0131\u2026<\/em><\/p>\n\n\n\n<p class=\"has-black-color has-text-color has-link-color wp-elements-3e8ce33d01c5c4722529233e9088bd61\"><em>\u0130nsanl\u0131\u011f\u0131 \u00f6nceleyen her ne varsa\u2026<\/em><\/p>\n\n\n\n<p class=\"has-black-color has-text-color has-link-color wp-elements-aa1668cbc658c65e89e3aba89e101a30\"><em>G\u00f6zlerimizi kapam\u0131\u015ft\u0131k\u2026<\/em><\/p>\n\n\n\n<p class=\"has-black-color has-text-color has-link-color wp-elements-d0ee411dad416e4254e0680d49fe0c6b\"><em>Dillerimiz l<\/em><em>\u00e2<\/em><em>l\u2026<\/em><\/p>\n\n\n\n<p class=\"has-black-color has-text-color has-link-color wp-elements-3ee8859b597d39cffd423d68269820a1\"><em>Kulaklar\u0131m\u0131z sa\u011f\u0131r olmu\u015ftu\u2026<\/em><\/p>\n\n\n\n<p><strong>\u2022\u2022\u2022<\/strong><\/p>\n\n\n\n<p class=\"has-black-color has-text-color has-link-color wp-elements-a8b312668ebf4b07218d9c128de03b74\"><strong><em>\u201c\u0130nsanl\u0131k bunun neresinde?\u201d&nbsp;<\/em><\/strong><em>sorusundan \u00f6zenle ka\u00e7\u0131n\u0131yor, dile getirilmesinden bile b\u00fcy\u00fck rahats\u0131zl\u0131k duyuyorduk\u2026<\/em><\/p>\n\n\n\n<p class=\"has-black-color has-text-color has-link-color wp-elements-b1881f5ced4dcfcdedc506d0026bf072\"><em>Sormaktan vazge\u00e7meyenlere\u2026<\/em><\/p>\n\n\n\n<p class=\"has-black-color has-text-color has-link-color wp-elements-5b5c765d9ba68b0b1a8903cd4ed7d82b\"><strong><em>\u201c\u0130mal<\/em><\/strong><strong><em>\u00e2<\/em><\/strong><strong><em>t hatas\u0131\u201d<\/em><\/strong><em>&nbsp;muamelesi yap\u0131yor\u2026<\/em><\/p>\n\n\n\n<p class=\"has-black-color has-text-color has-link-color wp-elements-b7870c92db84f5aa84ccfda5f25db113\"><strong><em>\u201cBo\u015f konu\u015fuyor\u2026\u201d<\/em><\/strong><em>&nbsp;deyip burun k\u0131v\u0131r\u0131yorduk\u2026<\/em><\/p>\n\n\n\n<p class=\"has-black-color has-text-color has-link-color wp-elements-6d457a742dc61e48ef197e190187d037\"><strong>\u2022\u2022\u2022<\/strong><\/p>\n\n\n\n<p class=\"has-black-color has-text-color has-link-color wp-elements-d38d4720ff5f8463e7229ca005478d6c\"><em>Hi\u00e7 \u00f6lmeyecekmi\u015fiz gibi sonsuz bir hayat&nbsp;<strong>\u201cd\u00fc\u015fl\u00fcyor\u2026\u201d<\/strong><\/em><\/p>\n\n\n\n<p class=\"has-black-color has-text-color has-link-color wp-elements-b07400c566c37471c04572bfdda2e657\"><em>Olmayan ihtiya\u00e7lar\u0131m\u0131z\u0131 varm\u0131\u015f gibi hissettiren bir \u00e7\u0131lg\u0131nl\u0131\u011f\u0131n tutsakl\u0131\u011f\u0131nda&nbsp;<strong>\u201csahip olabilmek i\u00e7in\u201d<\/strong>&nbsp;kendimizden ge\u00e7iyorduk\u2026<\/em><\/p>\n\n\n\n<p class=\"has-black-color has-text-color has-link-color wp-elements-24592f6d4a89599115d7f213087a219c\"><em>Altta kalan\u0131n can\u0131 \u00e7\u0131ks\u0131nd\u0131\u2026<\/em><\/p>\n\n\n\n<p class=\"has-black-color has-text-color has-link-color wp-elements-d507de64c8f28ee364b1d600793e7b58\"><em>Bana dokunmayan y\u0131lan bin ya\u015fas\u0131nd\u0131\u2026<\/em><\/p>\n\n\n\n<p class=\"has-black-color has-text-color has-link-color wp-elements-607ea665cd0fba2b3983eb49817a8179\"><em>Bal tutan parma\u011f\u0131n\u0131 tabii ki yalard\u0131\u2026<\/em><\/p>\n\n\n\n<p class=\"has-black-color has-text-color has-link-color wp-elements-5573e930dbc822da76db4d3d0ac2aae5\"><em>Neme l<\/em><em>\u00e2<\/em><em>z\u0131md\u0131\u2026<\/em><\/p>\n\n\n\n<p class=\"has-black-color has-text-color has-link-color wp-elements-6119aafb31fbd8f45b5bd387eea9dfab\"><em>Gemisini kurtaran kaptand\u0131\u2026<\/em><\/p>\n\n\n\n<p class=\"has-black-color has-text-color has-link-color wp-elements-6d457a742dc61e48ef197e190187d037\"><strong>\u2022\u2022\u2022<\/strong><\/p>\n\n\n\n<p class=\"has-black-color has-text-color has-link-color wp-elements-f49e5d192dc8e5802989b59ca97776cd\"><strong><em>\u201cBa\u015far\u0131\u201d<\/em><\/strong><em>&nbsp;i\u00e7in\u2026<\/em><\/p>\n\n\n\n<p class=\"has-black-color has-text-color has-link-color wp-elements-c562c87216efbd7f30a7b7fb3d364975\"><em>Gerekiyorsa\u2026<\/em><\/p>\n\n\n\n<p class=\"has-black-color has-text-color has-link-color wp-elements-79447645bb067dda2fec6d9b9c874b4d\"><em>Ba\u015fkalar\u0131n\u0131n s\u0131rt\u0131na basarak y\u00fckselebilirdik\u2026<\/em><\/p>\n\n\n\n<p class=\"has-black-color has-text-color has-link-color wp-elements-179bb0458e15ef22590c25542d372115\"><em>Ne gamd\u0131\u2026<\/em><\/p>\n\n\n\n<p class=\"has-black-color has-text-color has-link-color wp-elements-9d95adf7202172206be38b0a2f1f972b\"><em>Amaca giden her yol&nbsp;<\/em><em>m\u00fcbaht\u0131\u2026<\/em><\/p>\n\n\n\n<p class=\"has-black-color has-text-color has-link-color wp-elements-7668a92b9fadbd799d9caad460d660e4\"><em>Yar\u0131\u015fmac\u0131 etik taraf\u0131ndan kutsanm\u0131\u015ft\u0131k ya nas\u0131l olsa\u2026<\/em><\/p>\n\n\n\n<p class=\"has-black-color has-text-color has-link-color wp-elements-9cd8af2d5b8222e556c2d3a0e939b370\"><em>Gerisi&nbsp;<strong>\u201cfasa fiso\u201d<\/strong>ydu\u2026<\/em><\/p>\n\n\n\n<p class=\"has-black-color has-text-color has-link-color wp-elements-6d457a742dc61e48ef197e190187d037\"><strong>\u2022\u2022\u2022<\/strong><\/p>\n\n\n\n<p class=\"has-black-color has-text-color has-link-color wp-elements-51b178d5d2702dd68a94d1d1c40bbc83\"><em>Her y\u0131l d\u00fczenli olarak yapt\u0131\u011f\u0131 ara\u015ft\u0131rmalarda:<\/em><\/p>\n\n\n\n<p class=\"has-black-color has-text-color has-link-color wp-elements-222b014bb266907ca499a1551166fbfe\">\u220e&nbsp;<em>\u201c<\/em><em>D\u00fcnyan\u0131n en zengin 26 milyarderinin serveti, d\u00fcnya n\u00fcfusunun en yoksul y\u00fczde 50\u2019sini olu\u015fturan 3,8 milyar insan\u0131n toplam varl\u0131\u011f\u0131na e\u015fit.\u201d<\/em><\/p>\n\n\n\n<p class=\"has-black-color has-text-color has-link-color wp-elements-12d54a36cc753f596968216b1bbc7494\">\u220e&nbsp;<em>\u201c<\/em><em>Yery\u00fcz\u00fcn\u00fcn en zengin y\u00fczde 1\u2019lik kesiminin serveti y\u00fczde 99\u2019un servetinin toplam\u0131na denk.\u201d<\/em><\/p>\n\n\n\n<p class=\"has-black-color has-text-color has-link-color wp-elements-354e7299f52925d93d6e13c1002a6bb8\">\u220e&nbsp;<em>\u201c<\/em><em>D\u00fcnya genelindeki en zengin 2 bin 153 ki\u015finin serveti, en yoksul 4,6 milyar ki\u015finin toplam servetini ge\u00e7ti.\u201d diyen\u2026<\/em><\/p>\n\n\n\n<p class=\"has-black-color has-text-color has-link-color wp-elements-00ebac44e5979c821ffa16d66e364203\"><em>\u0130ngiltere merkezli uluslararas\u0131 yard\u0131m kurulu\u015fu&nbsp;<a href=\"https:\/\/www.gastetech.com\/buyuk-fotograf\/\" target=\"_blank\" rel=\"noreferrer noopener\"><strong>Oxfam<\/strong><\/a>\u2018\u0131n tespitlerinin ne \u00f6nemi vard\u0131 ki\u2026<\/em><\/p>\n\n\n\n<p class=\"has-black-color has-text-color has-link-color wp-elements-be61e144cb24a14389f99282d5e598ae\"><strong><em>\u201cBu istatistiklerle oyalanmak zaman kayb\u0131\u201d<\/em><\/strong><em>yd\u0131\u2026<\/em><\/p>\n\n\n\n<p class=\"has-black-color has-text-color has-link-color wp-elements-6d457a742dc61e48ef197e190187d037\"><strong>\u2022\u2022\u2022<\/strong><\/p>\n\n\n\n<p class=\"has-black-color has-text-color has-link-color wp-elements-c29c136692c26c48eaf1716024d1d63f\"><em>Para, d\u00fcnyan\u0131n neredeyse tek de\u011fer \u00f6l\u00e7me kriteri olup \u00e7\u0131km\u0131\u015ft\u0131\u2026<\/em><\/p>\n\n\n\n<p class=\"has-black-color has-text-color has-link-color wp-elements-074aed30b46590a5c92725398f7e417a\"><strong><em>\u201cParan varsa, sorun da yok\u201d<\/em><\/strong><em>tu\u2026<\/em><\/p>\n\n\n\n<p class=\"has-black-color has-text-color has-link-color wp-elements-fde3bd071bfe7079b55a3bf9b1e6d359\"><em>Hem,&nbsp;<strong>\u201cparas\u0131z adam gereksiz adam\u201d<\/strong>d\u0131\u2026<\/em><\/p>\n\n\n\n<p class=\"has-black-color has-text-color has-link-color wp-elements-c5ce674a50308641167833395330332d\"><em>\u00dcretmesek ne olurdu ki?<\/em><\/p>\n\n\n\n<p class=\"has-black-color has-text-color has-link-color wp-elements-ba92267294a096b21c06e683cb4f6c1c\"><em>Paras\u0131yla de\u011fil miydi?<\/em><\/p>\n\n\n\n<p class=\"has-black-color has-text-color has-link-color wp-elements-6d94fb9f800f4992efba05f790f7c3a6\"><strong><em>\u201cBast\u0131r\u0131r al\u0131rd\u0131k\u2026\u201d<\/em><\/strong><\/p>\n\n\n\n<p class=\"has-black-color has-text-color has-link-color wp-elements-6d457a742dc61e48ef197e190187d037\"><strong>\u2022\u2022\u2022<\/strong><\/p>\n\n\n\n<p class=\"has-black-color has-text-color has-link-color wp-elements-5d9b44b1ea162f6cc58c9e76f507f6cd\"><em>Vicdan\u2026<\/em><\/p>\n\n\n\n<p class=\"has-black-color has-text-color has-link-color wp-elements-9fdb5af1bc1fa606a6bffcef6e7b1e41\"><em>Merhamet\u2026<\/em><\/p>\n\n\n\n<p class=\"has-black-color has-text-color has-link-color wp-elements-02577c27cb549f25b23b7d4972a260ab\"><em>Ahl<\/em><em>\u00e2<\/em><em>k\u2026<\/em><\/p>\n\n\n\n<p class=\"has-black-color has-text-color has-link-color wp-elements-4d4467233f6671055faf054b23b6fe0f\"><em>Yard\u0131mla\u015fma\u2026<\/em><\/p>\n\n\n\n<p class=\"has-black-color has-text-color has-link-color wp-elements-c11440be509d1e473f281418197fbbb4\"><em>Empati\u2026<\/em><\/p>\n\n\n\n<p class=\"has-black-color has-text-color has-link-color wp-elements-e058fc6cf509c1ac8e3d5d7948b32865\"><em>\u0130nsan\u0131 insan yapan b\u00fct\u00fcn temel de\u011ferlerin\u2026<\/em><\/p>\n\n\n\n<p class=\"has-black-color has-text-color has-link-color wp-elements-a9c8e6af2b620445b79bdbfc28495d66\"><em>Bol bol&nbsp;<strong>\u201cedebiyat\u0131n\u0131 yap\u0131p\u201d<\/strong>&nbsp;i\u00e7ini bo\u015faltabilirdik\u2026<\/em><\/p>\n\n\n\n<p class=\"has-black-color has-text-color has-link-color wp-elements-9eeee4f7a2b0aeab9cf5cd5c5454d8b4\"><em>Kime neydi ki?<\/em><\/p>\n\n\n\n<p class=\"has-black-color has-text-color has-link-color wp-elements-6d457a742dc61e48ef197e190187d037\"><strong>\u2022\u2022\u2022<\/strong><\/p>\n\n\n\n<p class=\"has-black-color has-text-color has-link-color wp-elements-f93cc993a5b408dd7a839892898af43b\"><em>Oturup konu\u015ftu\u011fumuzla\u2026<\/em><\/p>\n\n\n\n<p class=\"has-black-color has-text-color has-link-color wp-elements-a3be2671d2db2a6d10d011e0f485e196\"><em>Yiyip i\u00e7ti\u011fimizle\u2026<\/em><\/p>\n\n\n\n<p class=\"has-black-color has-text-color has-link-color wp-elements-6ee7cab4a2dd74c15d942605ce9062c3\"><em>Gezip g\u00f6rd\u00fc\u011f\u00fcm\u00fczle mutlu olman\u0131n modas\u0131 \u00e7oktan ge\u00e7mi\u015fti\u2026<\/em><\/p>\n\n\n\n<p class=\"has-black-color has-text-color has-link-color wp-elements-a17ecd8c7ace2f34825202f7188d41d6\"><em>Ne kadar&nbsp;<strong>\u201chava atarsak\u201d<\/strong>&nbsp;o kadar iyiydi\u2026<\/em><\/p>\n\n\n\n<p class=\"has-black-color has-text-color has-link-color wp-elements-c89ae283d82b57cf035fe2a41b3c73d2\"><em>G\u00f6steri\u015f\u00e7i t\u00fcketimin kuca\u011f\u0131nda&nbsp;<strong>\u201celden ele gezen pula\u201d<\/strong>&nbsp;d\u00f6nm\u00fc\u015ft\u00fck\u2026<\/em><\/p>\n\n\n\n<p class=\"has-black-color has-text-color has-link-color wp-elements-6d457a742dc61e48ef197e190187d037\"><strong>\u2022\u2022\u2022<\/strong><\/p>\n\n\n\n<p class=\"has-black-color has-text-color has-link-color wp-elements-cf709a18e48c82e51dfc65d86c8cf4c7\"><em>Do\u011fan\u0131n efendisi bizdik.<\/em><\/p>\n\n\n\n<p class=\"has-black-color has-text-color has-link-color wp-elements-d4144ae37c4c9ba13cc9a5417cffee7b\"><em>Havay\u0131, suyu, topra\u011f\u0131\u2026<\/em><\/p>\n\n\n\n<p class=\"has-black-color has-text-color has-link-color wp-elements-b772bd10f23ba96823cc45cdc59d9b74\"><em>T\u00fcm nebatat\u0131 ve t\u00fcm hayvanat\u0131\u2026<\/em><\/p>\n\n\n\n<p class=\"has-black-color has-text-color has-link-color wp-elements-9fa1c285377c0eebc682b21c3667a9e5\"><em>Diledi\u011fimiz an\u2026<\/em><\/p>\n\n\n\n<p class=\"has-black-color has-text-color has-link-color wp-elements-eb3d6982f38be9b0f586fd32130bbfe4\"><em>Diledi\u011fimiz yerde\u2026<\/em><\/p>\n\n\n\n<p class=\"has-black-color has-text-color has-link-color wp-elements-a1c38f3da1ac0df43264f8c67bc04e7e\"><em>Diledi\u011fimiz miktarda hoyrat\u00e7a kullanabilirdik\u2026<\/em><\/p>\n\n\n\n<p class=\"has-black-color has-text-color has-link-color wp-elements-6d457a742dc61e48ef197e190187d037\"><strong>\u2022\u2022\u2022<\/strong><\/p>\n\n\n\n<p class=\"has-black-color has-text-color has-link-color wp-elements-7a8816c5b75c5e62bb1a680c4b667b22\"><em>\u0130nsanl\u0131k hanemizde\u2026<\/em><\/p>\n\n\n\n<p class=\"has-black-color has-text-color has-link-color wp-elements-0671585bc93a54656a9fcaf95d5645fc\"><em>Binlerce y\u0131ld\u0131r b\u00fcy\u00fck bedeller \u00f6deyerek biriktirebildi\u011fimiz&nbsp;<\/em><em>her \u015fey&nbsp;<strong>\u201cyalan\u201d&nbsp;<\/strong>olmu\u015ftu\u2026<\/em><\/p>\n\n\n\n<p class=\"has-black-color has-text-color has-link-color wp-elements-3c3aca950e09850194cb2796d09b697c\"><em>Yalanlarsa&nbsp;<strong>\u201cger\u00e7ek\u201d<\/strong>ti\u2026<\/em><\/p>\n\n\n\n<p class=\"has-black-color has-text-color has-link-color wp-elements-7eea02ec1823af779eb56dcb4c03678c\"><em>T\u00fcrl\u00fc \u00e7e\u015fitli&nbsp;<strong>\u201cill\u00fczyonlar\u201d<\/strong>la d\u00f6rt bir yan\u0131m\u0131zdan ku\u015fat\u0131lm\u0131\u015f olsak da\u2026 De\u011fil mi ki&nbsp;<strong>\u201ckazan\u0131yorduk\u201d<\/strong>, ziyan\u0131 yoktu\u2026<\/em><\/p>\n\n\n\n<p class=\"has-black-color has-text-color has-link-color wp-elements-6d457a742dc61e48ef197e190187d037\"><strong>\u2022\u2022\u2022<\/strong><\/p>\n\n\n\n<p class=\"has-black-color has-text-color has-link-color wp-elements-d44d2f198fec9f06011220e5ff891a9b\"><em>Derken\u2026<\/em><\/p>\n\n\n\n<p class=\"has-black-color has-text-color has-link-color wp-elements-1b6dac74ef2a80197bc6e72989c2fcee\"><em>Bir vir\u00fcs t\u00fcm ezberlerimizi bozdu\u2026<\/em><\/p>\n\n\n\n<p class=\"has-black-color has-text-color has-link-color wp-elements-6edd3d2a968900b9bebd819788a1ddec\"><em>Me\u011fer\u2026<\/em><\/p>\n\n\n\n<p class=\"has-black-color has-text-color has-link-color wp-elements-633fbf4e25f76080d6ba24b03d3662b3\"><em>Akl\u0131m\u0131z\u0131 ba\u015f\u0131m\u0131zdan alan\u2026<\/em><\/p>\n\n\n\n<p class=\"has-black-color has-text-color has-link-color wp-elements-1a8c59768ae1f27cbeb3fe0bea3c45c0\"><em>Anl\u0131 \u015fanl\u0131<strong>&nbsp;\u201ck\u00fcresel d\u00fcnya d\u00fczeni\u201d<\/strong>nin bi vir\u00fcsl\u00fck can\u0131 varm\u0131\u015f\u2026<\/em><\/p>\n\n\n\n<p class=\"has-black-color has-text-color has-link-color wp-elements-6d457a742dc61e48ef197e190187d037\"><strong>\u2022\u2022\u2022<\/strong><\/p>\n\n\n\n<p class=\"has-black-color has-text-color has-link-color wp-elements-ae18afd6937151d71cd3b96fbc943733\"><em>Kendili\u011finden mi \u00e7\u0131kt\u0131, yoksa birilerinin parma\u011f\u0131 m\u0131 var?<\/em><\/p>\n\n\n\n<p class=\"has-black-color has-text-color has-link-color wp-elements-dc8159918230b212cb6ea057dbf34975\"><em>Akl\u0131m\u0131z\u0131n bi k\u00f6\u015fesinde dursun!<\/em><\/p>\n\n\n\n<p class=\"has-black-color has-text-color has-link-color wp-elements-6d457a742dc61e48ef197e190187d037\"><strong>\u2022\u2022\u2022<\/strong><\/p>\n\n\n\n<p class=\"has-black-color has-text-color has-link-color wp-elements-a4c379d9c15a00fd81d6069c7651f8f4\"><em>\u015eimdi\u2026<\/em><\/p>\n\n\n\n<p class=\"has-black-color has-text-color has-link-color wp-elements-b6b25fe1dd0503bf3caa5a181fbe1186\"><em>T\u00fcm insanl\u0131k ayn\u0131 gemide\u2026<\/em><\/p>\n\n\n\n<p class=\"has-black-color has-text-color has-link-color wp-elements-dfd1845a4264432e71b079b063f9a015\"><em>Bir vir\u00fcs\u00fcn pen\u00e7esinde hep birlikte \u00e7\u0131rp\u0131n\u0131yoruz\u2026<\/em><\/p>\n\n\n\n<p class=\"has-black-color has-text-color has-link-color wp-elements-5514af58278c37892dd9f2baef0e310c\"><em>\u201cBundan sonra hayat\u0131m\u0131zda&nbsp;<strong>\u201cKoronadan \u00d6nce\u201d<\/strong>&nbsp;ve&nbsp;<strong>\u201cKoronadan Sonra\u201d<\/strong>&nbsp;\u015feklinde nur topu gibi iki kavram\u0131m\u0131z olacak.<\/em><\/p>\n\n\n\n<p class=\"has-black-color has-text-color has-link-color wp-elements-543164601f9957d709e21df2a4ae8e68\"><em>Pek \u00e7ok \u015fey yeniden yap\u0131lanacak.\u201d<\/em><\/p>\n\n\n\n<p class=\"has-black-color has-text-color has-link-color wp-elements-541abb63683e49a58ed99c8f702376ca\"><em>Art\u0131k hi\u00e7bir \u015fey eskisi gibi olmayacak!<\/em><\/p>\n\n\n\n<p class=\"has-black-color has-text-color has-link-color wp-elements-bdae7e25d2d3b12db07abe2f69bc4d0a\"><em>\u00d6zetlersek\u2026<\/em><\/p>\n\n\n\n<p class=\"has-black-color has-text-color has-link-color wp-elements-a8eec496a6ce163064d02319a0e20385\"><em>Ya\u015fad\u0131\u011f\u0131m\u0131z g\u00fcnler\u2026<\/em><\/p>\n\n\n\n<p class=\"has-black-color has-text-color has-link-color wp-elements-8605319cf155f84d9326c506c60f96ed\"><strong><em>\u0130nsanl\u0131k i\u00e7in ihtar vakti!<\/em><\/strong><\/p>\n\n\n\n<p class=\"has-black-color has-text-color has-link-color wp-elements-77d76febb0cadee81706a59c87502cf7\"><em>Ders al\u0131p almamak insanl\u0131\u011f\u0131m\u0131za kalm\u0131\u015f.<strong>\u201d<\/strong><\/em><\/p>\n\n\n\n<p class=\"has-black-color has-text-color has-link-color wp-elements-6d457a742dc61e48ef197e190187d037\"><strong>\u2022\u2022\u2022<\/strong><\/p>\n\n\n\n<p class=\"has-black-color has-text-color has-link-color wp-elements-37c86ac17b5d46afac0ac36dcd931957\">Biraz uzun bir al\u0131nt\u0131 oldu ama kusura bakmay\u0131n\u2026<\/p>\n\n\n\n<p class=\"has-black-color has-text-color has-link-color wp-elements-4a175e4bcc79173a051360962993eb0a\">Ge\u00e7en y\u0131l d\u00fc\u015f\u00fcncelerimi b\u00f6yle ifade etmi\u015f ve sonunda da&nbsp;<strong>\u201cders al\u0131p almamak insanl\u0131\u011f\u0131m\u0131za kalm\u0131\u015f\u201d<\/strong>&nbsp;diyerek \u00f6n\u00fcm\u00fczde bir f\u0131rsat bulundu\u011funu vurgulam\u0131\u015ft\u0131m.<\/p>\n\n\n\n<p class=\"has-black-color has-text-color has-link-color wp-elements-8821acc6bffbc734c9d740250c576c57\">\u00dczerinden bir y\u0131l\u0131 a\u015fk\u0131n bir s\u00fcre ge\u00e7ti\u2026<\/p>\n\n\n\n<p class=\"has-black-color has-text-color has-link-color wp-elements-abb5373c4668f59cd7172c92b51f2274\">Can al\u0131c\u0131 noktalarda ne \u00e2lemdeyiz, bir g\u00f6z atal\u0131m m\u0131?<\/p>\n\n\n\n<p class=\"has-black-color has-text-color has-link-color wp-elements-2537d0b3df50c8cb99b85e9d6968d59e\"><strong>A\u015f\u0131 mesel\u00e2?<\/strong><\/p>\n\n\n\n<p class=\"has-black-color has-text-color has-link-color wp-elements-f3d8b34688356ffd515a7213f3d01b53\">D\u00fcnya, a\u015f\u0131lamada ciddi bir mesafe kaydedebildi mi?<\/p>\n\n\n\n<p class=\"has-black-color has-text-color has-link-color wp-elements-4a4eb9ebc5cdf58d18a92b91f981058e\">Ne gezer\u2026<\/p>\n\n\n\n<p class=\"has-black-color has-text-color has-link-color wp-elements-b5f00192796b9320a49063fc697d543a\">Bunun i\u00e7in 11 milyar doz a\u015f\u0131 daha gerekiyor.<\/p>\n\n\n\n<p class=\"has-black-color has-text-color has-link-color wp-elements-fee32fc809546a77f024773663723068\">Zengin \u00fclkeler kendilerini garantiye alma noktas\u0131na yakla\u015fm\u0131\u015fken, yoksul \u00fclkeler ne yaz\u0131k ki a\u015f\u0131y\u0131 hen\u00fcz ancak r\u00fcyalar\u0131nda g\u00f6rebiliyor.<\/p>\n\n\n\n<p class=\"has-black-color has-text-color has-link-color wp-elements-4063fc6a73b47dfdb7dd749b79a2d78f\">Yoksul \u00fclkelerin de bir an \u00f6nce a\u015f\u0131lanabilmesi i\u00e7in a\u015f\u0131lar \u00fczerindeki patent haklar\u0131n\u0131n ge\u00e7ici olarak ask\u0131ya al\u0131nmas\u0131 \u00e7a\u011fr\u0131lar\u0131 muhatap bulam\u0131yor.<\/p>\n\n\n\n<p class=\"has-black-color has-text-color has-link-color wp-elements-52b0fd660c60b9577d48d6f0fd44603b\">Sergilenen bencilliklere bak\u0131l\u0131rsa k\u0131sa vadede b\u00f6yle bir umut da yok.<\/p>\n\n\n\n<p class=\"has-black-color has-text-color has-link-color wp-elements-5b6ae67636ce7c5599eb4e6248ef70c7\">Anla\u015f\u0131lan o ki, 1955\u2019te buldu\u011fu \u00e7ocuk felci a\u015f\u0131s\u0131n\u0131&nbsp;<strong>\u201cg\u00fcne\u015fin patentini alabilir misin?\u201d<\/strong>&nbsp;sorusuyla&nbsp;<strong>\u201c\u00f6zg\u00fcr b\u0131rakarak\u201d<\/strong>&nbsp;b\u00fcy\u00fck bir serveti elinin tersiyle iten&nbsp;<strong>Jonas Salk<\/strong>\u2019\u0131n davran\u0131\u015f\u0131n\u0131n g\u00fcn\u00fcm\u00fcz d\u00fcnyas\u0131nda etik bir kar\u015f\u0131l\u0131\u011f\u0131 kalmam\u0131\u015f.<\/p>\n\n\n\n<p class=\"has-black-color has-text-color has-link-color wp-elements-6d457a742dc61e48ef197e190187d037\"><strong>\u2022\u2022\u2022<\/strong><\/p>\n\n\n\n<p class=\"has-black-color has-text-color has-link-color wp-elements-e82d8797751a7979cd6a4663b6e2e70f\"><strong>Ya gelir da\u011f\u0131l\u0131m\u0131?<\/strong><\/p>\n\n\n\n<p class=\"has-black-color has-text-color has-link-color wp-elements-f493925ed11c443885a543137e481cd8\">Yap\u0131lan ara\u015ft\u0131rmalar pandemi d\u00f6neminde zenginlerin daha da zenginle\u015fti\u011fini g\u00f6steriyor\u2026 D\u00fcnyan\u0131n en zengin 20 milyarderi pandeminin bir y\u0131l\u0131nda servetini y\u00fczde 68 art\u0131rm\u0131\u015f.<\/p>\n\n\n\n<p class=\"has-black-color has-text-color has-link-color wp-elements-1e6fd8507794f3f311030c1300ebe1c0\">Uzun y\u0131llar boyunca \u00f6l\u00fcm\u00fc unutturarak \u00e7\u0131lg\u0131n bir t\u00fcketime odaklanan&nbsp;<strong>\u201cbilin\u00e7 end\u00fcstrisi\u201d<\/strong>&nbsp;\u015fimdilerde fonksiyonunu bu kez&nbsp;<strong>\u201ctersten dolanarak\u201d&nbsp;<\/strong>icra etme haz\u0131rl\u0131\u011f\u0131nda\u2026<\/p>\n\n\n\n<p class=\"has-black-color has-text-color has-link-color wp-elements-b1906934247766f91e1f894e216a8777\">Yava\u015f yava\u015f beliren&nbsp;<strong>\u201ctrend\u201d<\/strong>lere g\u00f6re\u2026<\/p>\n\n\n\n<p class=\"has-black-color has-text-color has-link-color wp-elements-29c8c158d8fa69d6faa976115a41b544\"><em>\u201cHayat\u0131n \u015fansl\u0131 kullar\u0131\u201d<\/em>&nbsp;daha \u015fimdiden:<\/p>\n\n\n\n<p class=\"has-black-color has-text-color has-link-color wp-elements-5eb78856d3505dcfc4066bc6b5277d2a\"><strong>\u201cAaa, \u00f6l\u00fcm varm\u0131\u015f. Bo\u015f verelim, an\u0131 ya\u015fayal\u0131m\u2026\u201d<\/strong>&nbsp;diyerek yeme-i\u00e7meden seyahate, konuttan otomobile dek l\u00fcks t\u00fcketim start\u0131n\u0131 vermi\u015f bile.<\/p>\n\n\n\n<p class=\"has-black-color has-text-color has-link-color wp-elements-6d457a742dc61e48ef197e190187d037\"><strong>\u2022\u2022\u2022<\/strong><\/p>\n\n\n\n<p class=\"has-black-color has-text-color has-link-color wp-elements-a89ff20678c98daeafdbd5a3ac7d0b00\"><strong>\u00c7evre duyarl\u0131l\u0131\u011f\u0131\u2026<\/strong><\/p>\n\n\n\n<p class=\"has-black-color has-text-color has-link-color wp-elements-9fd5e87b28f6cb20a0b8df04655f82b9\"><em>\u201cAl\u0131nan abdest \u00fcrk\u00fct\u00fclen kurba\u011faya de\u011fmiyor\u201d<\/em>&nbsp;diyelim de, yetsin.<\/p>\n\n\n\n<p class=\"has-black-color has-text-color has-link-color wp-elements-6d457a742dc61e48ef197e190187d037\"><strong>\u2022\u2022\u2022<\/strong><\/p>\n\n\n\n<p class=\"has-black-color has-text-color has-link-color wp-elements-9c81aacac74688bf7946795d2a9f1a16\">Neyse daha fazla uzatmayal\u0131m\u2026<\/p>\n\n\n\n<p class=\"has-black-color has-text-color has-link-color wp-elements-4a11eeaa017605cde0f3e2aa948f6580\">Ba\u015fl\u0131\u011f\u0131 tekrarlayarak bitirelim:<\/p>\n\n\n\n<p class=\"has-black-color has-text-color has-link-color wp-elements-33b12cb19971fee62479d415d050e4b3\"><strong>\u201c\u0130nsanl\u0131k i\u00e7in ihtar vakti\u201dydi, ama\u2026\u201d<\/strong><\/p>\n\n\n\n<p class=\"has-black-color has-text-color has-link-color wp-elements-81223bb636135beb78f53b681afbb020\">S\u00f6z sizin\u2026<\/p>\n\n\n\n<p class=\"has-black-color has-text-color has-link-color wp-elements-a0023c1bc7963d5418e6102dba4b49fc\">C\u00fcmleyi nas\u0131l istiyorsan\u0131z \u00f6yle tamamlay\u0131n.<\/p>\n\n\n\n<p class=\"has-black-color has-text-color has-link-color wp-elements-b2cf2a62868ceb5bd3df5f8b0f5b6d59\"><strong>Mehmet Y\u00fccel<\/strong><\/p>\n\n\n\n<p class=\"has-black-color has-text-color has-link-color wp-elements-9ac00cf961d1ea846fe5a532228b76c6\"><\/p>\n","protected":false},"excerpt":{"rendered":"<p>Anla\u015f\u0131lan o ki, 1955\u2019te buldu\u011fu \u00e7ocuk felci a\u015f\u0131s\u0131n\u0131&nbsp;\u201cg\u00fcne\u015fin patentini alabilir misin?\u201d&nbsp;sorusuyla&nbsp;\u201c\u00f6zg\u00fcr b\u0131rakarak\u201d&nbsp;b\u00fcy\u00fck bir serveti elinin tersiyle iten&nbsp;Jonas Salk\u2019\u0131n davran\u0131\u015f\u0131n\u0131n g\u00fcn\u00fcm\u00fcz d\u00fcnyas\u0131nda etik bir kar\u015f\u0131l\u0131\u011f\u0131 kalmam\u0131\u015f. \u00dclkemizde koronavir\u00fcs vakalar\u0131n\u0131 ilk kez g\u00f6rmeye ba\u015flad\u0131\u011f\u0131m\u0131z g\u00fcnlerin hemen ard\u0131ndan 21 Mart 2020\u2019de&nbsp;\u201c\u0130nsanl\u0131k i\u00e7in ihtar vakti!\u201d&nbsp;ba\u015fl\u0131kl\u0131 bir yaz\u0131 kaleme alm\u0131\u015f ve bu noktaya nas\u0131l geldi\u011fimizi kendi penceremden \u00f6zetlemeye \u00e7al\u0131\u015fm\u0131\u015ft\u0131m\u2026 \u0130sterseniz [&hellip;]<\/p>\n","protected":false},"author":1,"featured_media":272,"comment_status":"open","ping_status":"open","sticky":false,"template":"","format":"standard","meta":{"footnotes":""},"categories":[3],"tags":[],"_links":{"self":[{"href":"http:\/\/www.mehmetyucel.net\/index.php\/wp-json\/wp\/v2\/posts\/271"}],"collection":[{"href":"http:\/\/www.mehmetyucel.net\/index.php\/wp-json\/wp\/v2\/posts"}],"about":[{"href":"http:\/\/www.mehmetyucel.net\/index.php\/wp-json\/wp\/v2\/types\/post"}],"author":[{"embeddable":true,"href":"http:\/\/www.mehmetyucel.net\/index.php\/wp-json\/wp\/v2\/users\/1"}],"replies":[{"embeddable":true,"href":"http:\/\/www.mehmetyucel.net\/index.php\/wp-json\/wp\/v2\/comments?post=271"}],"version-history":[{"count":4,"href":"http:\/\/www.mehmetyucel.net\/index.php\/wp-json\/wp\/v2\/posts\/271\/revisions"}],"predecessor-version":[{"id":968,"href":"http:\/\/www.mehmetyucel.net\/index.php\/wp-json\/wp\/v2\/posts\/271\/revisions\/968"}],"wp:featuredmedia":[{"embeddable":true,"href":"http:\/\/www.mehmetyucel.net\/index.php\/wp-json\/wp\/v2\/media\/272"}],"wp:attachment":[{"href":"http:\/\/www.mehmetyucel.net\/index.php\/wp-json\/wp\/v2\/media?parent=271"}],"wp:term":[{"taxonomy":"category","embeddable":true,"href":"http:\/\/www.mehmetyucel.net\/index.php\/wp-json\/wp\/v2\/categories?post=271"},{"taxonomy":"post_tag","embeddable":true,"href":"http:\/\/www.mehmetyucel.net\/index.php\/wp-json\/wp\/v2\/tags?post=271"}],"curies":[{"name":"wp","href":"https:\/\/api.w.org\/{rel}","templated":true}]}}