{"id":276,"date":"2022-05-25T00:56:00","date_gmt":"2022-05-25T00:56:00","guid":{"rendered":"https:\/\/www.mehmetyucel.net\/?p=276"},"modified":"2025-08-16T10:52:16","modified_gmt":"2025-08-16T10:52:16","slug":"boleronun-dusundurdukleri","status":"publish","type":"post","link":"http:\/\/www.mehmetyucel.net\/index.php\/2022\/05\/25\/boleronun-dusundurdukleri\/","title":{"rendered":"Bolero\u2019nun d\u00fc\u015f\u00fcnd\u00fcrd\u00fckleri\u2026"},"content":{"rendered":"\n<div class=\"wp-block-group is-layout-flow wp-block-group-is-layout-flow\"><div class=\"wp-block-group__inner-container\">\n<blockquote class=\"wp-block-quote\">\n<h4 class=\"wp-block-heading has-black-color has-text-color has-link-color wp-elements-b1ca3d8624d21a3b60cfa46253584ad2\"><em>Bu topraklarda kendi \u201cbestemizi\u201d b\u00fcy\u00fck \u00f6l\u00e7\u00fcde kendimiz yapaca\u011f\u0131z.<\/em><\/h4>\n<\/blockquote>\n<\/div><\/div>\n\n\n\n<blockquote class=\"wp-block-quote is-style-default has-black-color has-text-color has-link-color wp-elements-f1469abbd734c22420dc6cda48b256a5\" style=\"font-style:normal;font-weight:400\">\n<h4 class=\"wp-block-heading has-text-align-left has-black-color has-text-color has-link-color wp-elements-2adeb674f6bd90defb2bce09a62e15b2\"><strong>\u25cf&nbsp;<em>\u201cA\u015f derdini, i\u015f derdini \u00e7\u00f6zm\u00fc\u015f\u2026&nbsp;Beyin g\u00f6\u00e7\u00fcn\u00fc tersine \u00e7evirmi\u015f\u2026&nbsp;Yar\u0131nlara umutla bakan\u2026&nbsp;M\u00fcreffeh bir T\u00fcrkiye!\u201d&nbsp;<\/em><\/strong><em>Temam\u0131z bu olmal\u0131! Her icra edi\u015fimizde, her seslendiri\u015fimizde farkl\u0131 bir&nbsp;<strong>\u201censtr\u00fcman\u0131\u201d<\/strong>&nbsp;devreye sokmay\u0131 ba\u015farmal\u0131y\u0131z\u2026 T\u0131pk\u0131 Bolero\u2019daki gibi!<\/em><\/h4>\n\n\n\n<p><\/p>\n\n\n<div class=\"wp-block-image\">\n<figure class=\"alignleft is-resized\"><img loading=\"lazy\" decoding=\"async\" width=\"609\" height=\"1000\" src=\"http:\/\/www.mehmetyucel.net\/wp-content\/uploads\/2025\/05\/Mehmet-Yucel-SON.jpg\" alt=\"\" class=\"wp-image-933\" style=\"width:154px;height:auto\" srcset=\"http:\/\/www.mehmetyucel.net\/wp-content\/uploads\/2025\/05\/Mehmet-Yucel-SON.jpg 609w, http:\/\/www.mehmetyucel.net\/wp-content\/uploads\/2025\/05\/Mehmet-Yucel-SON-183x300.jpg 183w\" sizes=\"(max-width: 609px) 100vw, 609px\" \/><\/figure><\/div>\n\n\n<p class=\"has-black-color has-text-color has-link-color wp-elements-d01dc5ea1ccbb45930a84d0a1325d825\">Fonda\u2026<\/p>\n\n\n\n<p class=\"has-black-color has-text-color has-link-color wp-elements-018cc5f197fdbd14d2b6040a0c08caa2\">S\u00fcrekli ayn\u0131 tempoyla \u00e7alan bir trampet\u2026<\/p>\n\n\n\n<p class=\"has-black-color has-text-color has-link-color wp-elements-a8e6b645e8e401549e5a2742b4b2a74d\">\u00d6nde\u2026<\/p>\n\n\n\n<p class=\"has-black-color has-text-color has-link-color wp-elements-f14f2303a7d62198d4669b2432aea53a\">O tempoya ayn\u0131 sab\u0131rla e\u015flik eden tek bir melodi\u2026<\/p>\n\n\n\n<p class=\"has-black-color has-text-color has-link-color wp-elements-d2e79d27d7c9d7d2ec4523a6c6e09b77\">Tekrarland\u0131k\u00e7a tekrarlan\u0131yor\u2026<\/p>\n\n\n\n<p class=\"has-black-color has-text-color has-link-color wp-elements-28fb369386c28b4f839a783d4c1ef8e7\">Tek bir melodi, hayli k\u0131s\u0131k bir ba\u015flang\u0131c\u0131n ard\u0131ndan\u2026<\/p>\n\n\n\n<p class=\"has-black-color has-text-color has-link-color wp-elements-f96efa2d16f02708da9b464e673a18e0\">De\u011fi\u015fen ve geli\u015fen orkestra renklerinin kullan\u0131m\u0131yla\u2026<\/p>\n\n\n\n<p class=\"has-black-color has-text-color has-link-color wp-elements-9358fb162c5f819669ee223f218cd9e1\">On alt\u0131 dakika i\u00e7inde zirveye y\u00fckseliyor\u2026<\/p>\n\n\n\n<p class=\"has-black-color has-text-color has-link-color wp-elements-8d8694227e4a5a84d59c078ad65daffa\">Her seferinde farkl\u0131 bir enstr\u00fcman\u0131n devreye giri\u015fiyle zenginle\u015fen ak\u0131\u015f, ola\u011fan\u00fcst\u00fc bir duygu \u00e7e\u015fitlili\u011fine y\u00fckseltiyor insan\u0131\u2026<\/p>\n\n\n\n<p class=\"has-black-color has-text-color has-link-color wp-elements-092e47c49c2883fed8d5e0863eb3b84b\">Ve\u2026<\/p>\n\n\n\n<p class=\"has-black-color has-text-color has-link-color wp-elements-1208723babd0dd2fd864199e4547addb\">T\u00fcm orkestran\u0131n&nbsp;<strong>\u201c<a href=\"https:\/\/www.gastetech.com\/boleronun-dusundurdukleri\/\" target=\"_blank\" rel=\"noreferrer noopener\">k\u00fckreyi\u015fiyle<\/a>\u201d<\/strong>&nbsp;ger\u00e7ekle\u015fen o b\u00fcy\u00fcleyici final.<\/p>\n\n\n\n<p class=\"has-black-color has-text-color has-link-color wp-elements-659208d93f1b370e7cfa75e23593211d\">\u0130stendi\u011finde, monoton ak\u0131\u015f\u0131n nas\u0131l inan\u0131lmas\u0131 g\u00fc\u00e7 bir renklili\u011fe d\u00f6n\u00fc\u015ft\u00fcr\u00fclebilece\u011fini ispatlayan muhte\u015fem bir eser\u2026<\/p>\n\n\n\n<p class=\"has-black-color has-text-color has-link-color wp-elements-9844c73012b589d15c9923fd7a4e8b91\"><strong>Bolero<\/strong>\u2019dan s\u00f6z ediyorum\u2026(*)<\/p>\n\n\n\n<p><strong>\u2022\u2022\u2022<\/strong><\/p>\n\n\n\n<p class=\"has-black-color has-text-color has-link-color wp-elements-280ce6d1c878299d1938c62de2cec8fe\"><strong>Ravel<\/strong>\u2019in 1928\u2019de yapt\u0131\u011f\u0131 besteden \u00e7\u0131karabilece\u011fimiz ne \u00e7ok ders var\u2026<\/p>\n\n\n<div class=\"wp-block-image\">\n<figure class=\"alignright is-resized\"><img loading=\"lazy\" decoding=\"async\" width=\"2400\" height=\"1200\" src=\"http:\/\/www.mehmetyucel.net\/wp-content\/uploads\/2022\/05\/Ravel.jpg\" alt=\"\" class=\"wp-image-960\" style=\"width:726px;height:auto\" srcset=\"http:\/\/www.mehmetyucel.net\/wp-content\/uploads\/2022\/05\/Ravel.jpg 2400w, http:\/\/www.mehmetyucel.net\/wp-content\/uploads\/2022\/05\/Ravel-300x150.jpg 300w, http:\/\/www.mehmetyucel.net\/wp-content\/uploads\/2022\/05\/Ravel-1024x512.jpg 1024w, http:\/\/www.mehmetyucel.net\/wp-content\/uploads\/2022\/05\/Ravel-768x384.jpg 768w, http:\/\/www.mehmetyucel.net\/wp-content\/uploads\/2022\/05\/Ravel-1536x768.jpg 1536w, http:\/\/www.mehmetyucel.net\/wp-content\/uploads\/2022\/05\/Ravel-2048x1024.jpg 2048w, http:\/\/www.mehmetyucel.net\/wp-content\/uploads\/2022\/05\/Ravel-360x180.jpg 360w, http:\/\/www.mehmetyucel.net\/wp-content\/uploads\/2022\/05\/Ravel-750x375.jpg 750w, http:\/\/www.mehmetyucel.net\/wp-content\/uploads\/2022\/05\/Ravel-1140x570.jpg 1140w\" sizes=\"(max-width: 2400px) 100vw, 2400px\" \/><\/figure><\/div>\n\n\n<p class=\"has-black-color has-text-color has-link-color wp-elements-9a11d6609ebda76a9d6a9d79fad67560\">Nereden\u2026&nbsp;<\/p>\n\n\n\n<p class=\"has-black-color has-text-color has-link-color wp-elements-483198a934743f2523f899ccffab7e63\">Hangi a\u00e7\u0131dan\u2026<\/p>\n\n\n\n<p class=\"has-black-color has-text-color has-link-color wp-elements-e6d8a698823da302edbfeb07fb6c1869\">Hangi ama\u00e7la bakarsak bakal\u0131m\u2026<\/p>\n\n\n\n<p class=\"has-black-color has-text-color has-link-color wp-elements-dca2f1a3f6e38363e46788d7fff15fce\"><strong>\u201cBen buraday\u0131m\u201d<\/strong>&nbsp;diyerek g\u00f6z\u00fcm\u00fcz\u00fcn i\u00e7ine bak\u0131yor\u2026<\/p>\n\n\n\n<p class=\"has-black-color has-text-color has-link-color wp-elements-89c2f6ad1e38835fab64bd8466617cde\">G\u00f6rmeyi bilene elbet!<\/p>\n\n\n\n<p><strong>\u2022\u2022\u2022<\/strong><\/p>\n\n\n\n<p class=\"has-black-color has-text-color has-link-color wp-elements-36a6ee827047a0e441b51fa73568dd94\">G\u00fc\u00e7l\u00fc bir&nbsp;<strong>\u201cmelodinin\u2026\u201d<\/strong><\/p>\n\n\n\n<p class=\"has-black-color has-text-color has-link-color wp-elements-d965c0859e12ff714f0947f0b020d2f7\">Sab\u0131rla ve her tekrarlan\u0131\u015f\u0131nda&nbsp;<strong>\u201cyeni entr\u00fcmanlarla\u201d&nbsp;<\/strong>zenginle\u015ferek&nbsp;<strong>\u201cicras\u0131!\u201d<\/strong><\/p>\n\n\n\n<p class=\"has-black-color has-text-color has-link-color wp-elements-afd4fcf9109120d1c6d6d292a67bbedb\">Bu sat\u0131rlar\u0131n hepimize tan\u0131d\u0131k geldi\u011fini bir d\u00fc\u015f\u00fcnsenize\u2026<\/p>\n\n\n\n<p class=\"has-black-color has-text-color has-link-color wp-elements-475592e2a3b19d622d15a0325f46bd1f\"><strong><em>\u201cA\u015f derdini, i\u015f derdini \u00e7\u00f6zm\u00fc\u015f\u2026&nbsp;<\/em><em>Beyin g\u00f6\u00e7\u00fcn\u00fc tersine \u00e7evirmi\u015f\u2026&nbsp;<\/em><em>Yar\u0131nlara umutla bakan\u2026&nbsp;<\/em><\/strong><strong><em>M\u00fcreffeh bir T\u00fcrkiye!\u201d<\/em><\/strong>&nbsp;s\u00f6zleriyle \u00f6zetleyebilece\u011fimiz&nbsp;<strong>\u201cmelodimizin\u201d<\/strong>, geni\u015f toplum kesimlerinin kat\u0131l\u0131m\u0131yla her ge\u00e7en g\u00fcn daha g\u00fc\u00e7l\u00fc bir bi\u00e7imde&nbsp;<strong>\u201cicra edildi\u011fini\u2026\u201d<\/strong><\/p>\n\n\n\n<p class=\"has-black-color has-text-color has-link-color wp-elements-478860e3a9b213e5c59edaf68883f99d\"><strong>\u201cOrkestrasyonumuzun\u201d&nbsp;<\/strong>il il<strong>,<\/strong>&nbsp;il\u00e7e il\u00e7e, sokak sokak, k\u00f6y k\u00f6y yank\u0131land\u0131\u011f\u0131n\u0131 hay\u00e2l etsenize\u2026<\/p>\n\n\n\n<p><strong>\u2022\u2022\u2022<\/strong><\/p>\n\n\n\n<p class=\"has-black-color has-text-color has-link-color wp-elements-8d28024ad218ed24565f36307e85f928\">Bitmek t\u00fckenmek bilmeyen kavgalarla zaman kaybetmek,&nbsp;<strong>\u201csahte g\u00fcndemler\u201d<\/strong>le oyalanarak enerjimizi bo\u015fa harcamak yerine;<\/p>\n\n\n\n<p class=\"has-black-color has-text-color has-link-color wp-elements-cf823dc36567040a51a281e519fe4f2b\">\u25cf&nbsp;Dijital \u00e7a\u011fa nas\u0131l uyum sa\u011flayaca\u011f\u0131m\u0131za\u2026<\/p>\n\n\n\n<p class=\"has-black-color has-text-color has-link-color wp-elements-f3c707d2cd219c0a4499546b29c9ece0\">\u25cf&nbsp;E\u011fitim sistemimizi dijital \u00e7a\u011f\u0131n gerekleriyle b\u00fct\u00fcnle\u015ftirerek nas\u0131l&nbsp;<strong>\u201ci\u015fe yarar\u201d<\/strong>&nbsp;hale getirece\u011fimize\u2026<\/p>\n\n\n\n<p class=\"has-black-color has-text-color has-link-color wp-elements-281bf53ae94b915811f925175499ace3\">\u25cf&nbsp;Pandemi d\u00f6neminde dijitalle\u015fmenin h\u0131zlanmas\u0131yla iyice g\u00f6r\u00fcn\u00fcr hale gelen belirsiz, g\u00fcvencesiz ve geleceksiz \u00e7al\u0131\u015fma ko\u015fullar\u0131nda, g\u00f6rece niteliksiz kitlelerimizin a\u015f, i\u015f derdine nas\u0131l \u00e7are bulaca\u011f\u0131m\u0131za\u2026<\/p>\n\n\n\n<p class=\"has-black-color has-text-color has-link-color wp-elements-96d784cac235b451bd691b857a6f7187\">\u25cf&nbsp;\u0130\u015fsizlik sorunumuzu nas\u0131l \u00e7\u00f6zece\u011fimize\u2026 H\u0131zla t\u0131rmanan gen\u00e7 i\u015fsizli\u011fimizi hangi y\u00f6ntemlerle durduraca\u011f\u0131m\u0131za\u2026<\/p>\n\n\n\n<p class=\"has-black-color has-text-color has-link-color wp-elements-d8744ef1082b8e588e58d89a987c7212\">\u25cf&nbsp;Ki\u015fi ba\u015f\u0131na d\u00fc\u015fen milli gelirde orta gelir tuza\u011f\u0131ndan kurtulma hesaplar\u0131 yaparken yeniden 8 bin dolar seviyelerine do\u011fru gerileyi\u015fimizi nas\u0131l \u00f6nleyece\u011fimize\u2026<\/p>\n\n\n\n<p class=\"has-black-color has-text-color has-link-color wp-elements-c7d4bd1e97c688cd338407f01a4e11a2\">\u25cf&nbsp;Gelir da\u011f\u0131l\u0131m\u0131ndaki vah\u015fi bozulmay\u0131 nas\u0131l onaraca\u011f\u0131m\u0131za\u2026<\/p>\n\n\n\n<p class=\"has-black-color has-text-color has-link-color wp-elements-40e372a60a2c4e20d666a5363de08002\">\u25cf&nbsp;Ortalama ihracat kilogram fiyatlar\u0131m\u0131z\u0131 bir dolar seviyelerinden nas\u0131l daha yukar\u0131lara ta\u015f\u0131yaca\u011f\u0131m\u0131za\u2026<\/p>\n\n\n\n<p class=\"has-black-color has-text-color has-link-color wp-elements-4b85632c9de0b4e865df43fb03e96fd1\">\u25cf&nbsp;Bereketli topraklar\u0131m\u0131z\u0131 \u00fcretimle yeniden nas\u0131l bulu\u015fturaca\u011f\u0131m\u0131za\u2026<\/p>\n\n\n\n<p class=\"has-black-color has-text-color has-link-color wp-elements-4e35c4cc2500ef59d33a3ce0fd3d5dc5\">Uzatmayal\u0131m\u2026<\/p>\n\n\n\n<p class=\"has-black-color has-text-color has-link-color wp-elements-d4afd26bef54e8fc6ae45d1054802438\">Bu ve bunlar gibi daha pek \u00e7ok temel sorunumuza odaklanmak \u00e7ok mu zor?<\/p>\n\n\n\n<p><strong>\u201cNe yap\u0131p ederiz de \u00fclkemizi daha zengin, insan\u0131m\u0131z\u0131 daha mutlu k\u0131lar\u0131z?\u201d<\/strong>&nbsp;d\u00fc\u015f\u00fcncesiyle hareket etmek o kadar m\u0131 imk\u00e2ns\u0131z?<\/p>\n\n\n\n<p class=\"has-black-color has-text-color has-link-color wp-elements-8ab1dbc3f86af32d36355251effe0627\">Birbirimizin sesine ses katacak t\u00e2katimiz yok mu ger\u00e7ekten?<\/p>\n\n\n\n<p class=\"has-black-color has-text-color has-link-color wp-elements-23cd5ed583982330ddae797a8777c20a\"><strong>\u201cTek seslilik\u201d<\/strong>ten bunca y\u0131ld\u0131r ne ge\u00e7ti elimize?<\/p>\n\n\n\n<p class=\"has-black-color has-text-color has-link-color wp-elements-7a622313e6995c143a63e222d60cf3c8\"><strong>\u201cBirileri sihirli de\u011fne\u011fini dokundursun ve t\u00fcm sorunlar\u0131m\u0131z \u00e7\u00f6z\u00fcls\u00fcn\u201d<\/strong>&nbsp;yakla\u015f\u0131m\u0131n\u0131n miad\u0131n\u0131 \u00e7oktan doldurmu\u015f oldu\u011funu g\u00f6rm\u00fcyor muyuz?<\/p>\n\n\n\n<p><strong>\u2022\u2022\u2022<\/strong><\/p>\n\n\n\n<p class=\"has-black-color has-text-color has-link-color wp-elements-e6bd79627c04994b6e935cb95165ad13\">Kabullenmekte zorlansak da\u2026<\/p>\n\n\n\n<p class=\"has-black-color has-text-color has-link-color wp-elements-8e918e4176b592ec0f3f4ec7619ff385\">Bu topraklarda kendi&nbsp;<strong>\u201cbestemizi\u201d&nbsp;<\/strong>b\u00fcy\u00fck \u00f6l\u00e7\u00fcde kendimiz yapaca\u011f\u0131z.<\/p>\n\n\n\n<p class=\"has-black-color has-text-color has-link-color wp-elements-1eadb78aa20aa473c40bcc733ec01376\">Sayg\u0131yla, sevgiyle, gayretle\u2026<\/p>\n\n\n\n<p class=\"has-black-color has-text-color has-link-color wp-elements-d4b6a32c1d171906fccbcb6e1953e33d\">Orada burada c\u0131l\u0131z ve mahcup bir ses tonuyla b\u00f6l\u00fck p\u00f6r\u00e7\u00fck s\u00f6ylemeye \u00e7al\u0131\u015ft\u0131\u011f\u0131m\u0131z<strong>&nbsp;\u201cmelodimiz\u201d<\/strong>in \u00f6z\u00fcn\u00fc bir kez daha vurgulayal\u0131m:<em><br><\/em><strong>M\u00fcreffeh bir T\u00fcrkiye!<\/strong><\/p>\n\n\n\n<p class=\"has-black-color has-text-color has-link-color wp-elements-6f32754f89165bf1d4c26b9b25b2a5aa\">Temam\u0131z bu olmal\u0131!<\/p>\n\n\n\n<p class=\"has-black-color has-text-color has-link-color wp-elements-6c1b48bc19024e838ef1de04f22ab738\">Her icra edi\u015fimizde, her seslendiri\u015fimizde farkl\u0131 bir&nbsp;<strong>\u201censtr\u00fcman\u0131\u201d<\/strong>&nbsp;devreye sokmay\u0131 ba\u015farmal\u0131y\u0131z\u2026<\/p>\n\n\n\n<p class=\"has-black-color has-text-color has-link-color wp-elements-ccc61b505dbca6b84462d26271d14cb0\">T\u0131pk\u0131 Bolero\u2019daki gibi!<\/p>\n\n\n\n<p class=\"has-black-color has-text-color has-link-color wp-elements-d023c22c66e34d40d26fc41101e1e9d6\">Aksi halde\u2026<\/p>\n\n\n\n<p class=\"has-black-color has-text-color has-link-color wp-elements-50ba1952f6125f2e9d3adb909afe59fb\">Geli\u015fmi\u015f d\u00fcnyan\u0131n ar\u015f\u0131nlad\u0131\u011f\u0131 yollar\u0131n daha da uza\u011f\u0131na d\u00fc\u015f\u00fcp, d\u00fcn\u00fcn hayat \u015fartlar\u0131nda&nbsp;<strong>\u201cyak\u0131lm\u0131\u015f\u201d&nbsp;<\/strong>t\u00fcrk\u00fclerimizi<strong>&nbsp;\u201c\u00e7\u0131\u011f\u0131rma\u201d<\/strong>ya devam ederiz\u2026<\/p>\n\n\n\n<p><strong>\u2022\u2022\u2022<\/strong><\/p>\n\n\n\n<p class=\"has-black-color has-text-color has-link-color wp-elements-4b9ecbbda06ea3c69e123e287e732e62\"><strong>\u201cAman can\u0131m edersek edelim\u201d&nbsp;<\/strong>deniyorsa ne \u00e2l\u00e2\u2026<\/p>\n\n\n\n<p class=\"has-black-color has-text-color has-link-color wp-elements-7f593d2e83d47f8a3ce695fe32f4ed01\">O zaman\u2026<\/p>\n\n\n\n<p class=\"has-black-color has-text-color has-link-color wp-elements-4e3c1423eec0e11ff7a3c5c3d9876c01\"><strong>\u201c<\/strong><strong>Kahpe Felek\u201d<\/strong>i seslendirmeye devam\u2026<\/p>\n\n\n\n<p class=\"has-black-color has-text-color has-link-color wp-elements-da98b50649e33aa96ad852fbea4750ad\"><em>\u201cKahpe felek sana nettim neyledim<\/em><em><br>Att\u0131n gurbet ele parelerimi<br>Ak\u0131beti beni s\u0131lamdan ettin<br>Kestin m\u00fcmk\u00fcn\u00fcm\u00fc \u00e7arelerimi\u201d<\/em><\/p>\n\n\n\n<p><strong>\u2022\u2022\u2022<\/strong><\/p>\n\n\n\n<p class=\"has-black-color has-text-color has-link-color wp-elements-cf0e3a8bb0962480166167d69f8c163b\">Tercih bizim!<\/p>\n\n\n\n<p class=\"has-black-color has-text-color has-link-color wp-elements-b2cf2a62868ceb5bd3df5f8b0f5b6d59\"><strong>Mehmet Y\u00fccel<\/strong><\/p>\n\n\n\n<p class=\"has-black-color has-text-color has-link-color wp-elements-151348d42f5eaf2f58604b9935d927bc\"><strong><em>(*) Besteyi bir de yaz\u0131m\u0131zdaki perspektiften dinlemek isteyenler i\u00e7in:<\/em><\/strong><br><a href=\"https:\/\/www.youtube.com\/watch?v=IsF53JpBMlk&amp;t=145s\">https:\/\/www.youtube.com\/embed\/IsF53JpBMlk<\/a><\/p>\n\n\n\n<p><\/p>\n<\/blockquote>\n","protected":false},"excerpt":{"rendered":"<p>Bu topraklarda kendi \u201cbestemizi\u201d b\u00fcy\u00fck \u00f6l\u00e7\u00fcde kendimiz yapaca\u011f\u0131z.<\/p>\n","protected":false},"author":1,"featured_media":277,"comment_status":"open","ping_status":"open","sticky":false,"template":"","format":"standard","meta":{"footnotes":""},"categories":[3],"tags":[],"_links":{"self":[{"href":"http:\/\/www.mehmetyucel.net\/index.php\/wp-json\/wp\/v2\/posts\/276"}],"collection":[{"href":"http:\/\/www.mehmetyucel.net\/index.php\/wp-json\/wp\/v2\/posts"}],"about":[{"href":"http:\/\/www.mehmetyucel.net\/index.php\/wp-json\/wp\/v2\/types\/post"}],"author":[{"embeddable":true,"href":"http:\/\/www.mehmetyucel.net\/index.php\/wp-json\/wp\/v2\/users\/1"}],"replies":[{"embeddable":true,"href":"http:\/\/www.mehmetyucel.net\/index.php\/wp-json\/wp\/v2\/comments?post=276"}],"version-history":[{"count":18,"href":"http:\/\/www.mehmetyucel.net\/index.php\/wp-json\/wp\/v2\/posts\/276\/revisions"}],"predecessor-version":[{"id":1013,"href":"http:\/\/www.mehmetyucel.net\/index.php\/wp-json\/wp\/v2\/posts\/276\/revisions\/1013"}],"wp:featuredmedia":[{"embeddable":true,"href":"http:\/\/www.mehmetyucel.net\/index.php\/wp-json\/wp\/v2\/media\/277"}],"wp:attachment":[{"href":"http:\/\/www.mehmetyucel.net\/index.php\/wp-json\/wp\/v2\/media?parent=276"}],"wp:term":[{"taxonomy":"category","embeddable":true,"href":"http:\/\/www.mehmetyucel.net\/index.php\/wp-json\/wp\/v2\/categories?post=276"},{"taxonomy":"post_tag","embeddable":true,"href":"http:\/\/www.mehmetyucel.net\/index.php\/wp-json\/wp\/v2\/tags?post=276"}],"curies":[{"name":"wp","href":"https:\/\/api.w.org\/{rel}","templated":true}]}}