{"id":28,"date":"2022-05-25T01:30:00","date_gmt":"2022-05-25T01:30:00","guid":{"rendered":"http:\/\/www.mehmetyucel.net\/index.php\/2022\/05\/22\/coffee-to-start-the-day\/"},"modified":"2025-08-16T09:26:34","modified_gmt":"2025-08-16T09:26:34","slug":"ortak-bir-dil-kurmadan-nereye","status":"publish","type":"post","link":"http:\/\/www.mehmetyucel.net\/index.php\/2022\/05\/25\/ortak-bir-dil-kurmadan-nereye\/","title":{"rendered":"\u201cOrtak bir dil\u201d kurmadan nereye?"},"content":{"rendered":"\n<h4 class=\"wp-block-heading has-black-color has-text-color has-link-color wp-elements-4f5a39cc0f23abfffa4ff9909343f5f7\"><em>&#8220;Muas\u0131r medeniyet seviyesinin \u00fcst\u00fcne \u00e7\u0131kman\u0131n&#8221; ya da kendimize l\u00e2y\u0131k g\u00f6rd\u00fc\u011f\u00fcm\u00fcz muhayyel \u201cde\u011fer\u201di hak edebilmemizin yolu \u00f6ncelikle birbirimizi ve kavramlar\u0131 &#8220;do\u011fru&#8221; anlamaktan ge\u00e7iyor. \u0130nsanl\u0131\u011f\u0131n evrensel de\u011ferleriyle \u00f6rt\u00fc\u015fen &#8220;ortak bir dil&#8221; kurmadan bu &#8220;yolculu\u011fu&#8221; s\u00fcrd\u00fcrmek zor.<\/em><\/h4>\n\n\n\n<p><\/p>\n\n\n\n<h4 class=\"wp-block-heading has-black-color has-text-color has-link-color wp-elements-fd1c0ac5cedea5d1cbff7c007bbb50e9\"><em>B\u00fcy\u00fcyoruz elbette\u2026 Ama bunu&nbsp;\u201cirile\u015fmeden\u201d farkl\u0131la\u015ft\u0131rarak sa\u011fl\u0131kl\u0131 bir geli\u015fme zeminine oturtam\u0131yoruz. \u00dcst\u00fcne \u00fcstl\u00fck bir de di\u011fer \u00fclkeler bo\u015f durmay\u0131nca&nbsp;\u201cyerimizde say\u0131yoruz\u201d&nbsp;diyebilmekten bile ad\u0131m ad\u0131m uzakla\u015f\u0131yoruz.<\/em><\/h4>\n\n\n\n<p><\/p>\n\n\n\n<p><\/p>\n\n\n<div class=\"wp-block-image\">\n<figure class=\"alignleft size-full is-resized\"><img loading=\"lazy\" decoding=\"async\" width=\"609\" height=\"1000\" src=\"http:\/\/www.mehmetyucel.net\/wp-content\/uploads\/2025\/05\/Mehmet-Yucel-SON.jpg\" alt=\"\" class=\"wp-image-933\" style=\"width:133px;height:auto\" srcset=\"http:\/\/www.mehmetyucel.net\/wp-content\/uploads\/2025\/05\/Mehmet-Yucel-SON.jpg 609w, http:\/\/www.mehmetyucel.net\/wp-content\/uploads\/2025\/05\/Mehmet-Yucel-SON-183x300.jpg 183w\" sizes=\"(max-width: 609px) 100vw, 609px\" \/><\/figure><\/div>\n\n\n<p class=\"has-black-color has-text-color has-link-color wp-elements-040742f7f044cbd701a25a1d3693724c\"><strong>\u201c\u0130leti\u015fimdeki tek ve en b\u00fcy\u00fck sorun, ileti\u015fimin sa\u011fland\u0131\u011f\u0131n\u0131 sanmam\u0131zd\u0131r.\u201d<\/strong><\/p>\n\n\n\n<p class=\"has-black-color has-text-color has-link-color wp-elements-aea3a47cba4199f0bffcee99927103f2\">George Bernard Shaw b\u00f6yle s\u00f6yl\u00fcyor\u2026<\/p>\n\n\n\n<p class=\"has-black-color has-text-color has-link-color wp-elements-f27aa2f308115a216a8b7f37cc2de8a1\">\u25cf\u25cf\u25cf<\/p>\n\n\n\n<p class=\"has-black-color has-text-color has-link-color wp-elements-cffe273ce613302b875c087c3c173c26\">Bir duvarc\u0131 ustas\u0131 eni, boyu, y\u00fcksekli\u011fi belli olan tu\u011flalardan bir g\u00fcnde ka\u00e7 tane kullan\u0131rsa ka\u00e7 metrekare duvar \u00f6rebilece\u011fini \u00f6ng\u00f6rebilir\u2026<\/p>\n\n\n\n<p class=\"has-black-color has-text-color has-link-color wp-elements-d391e461e5884b469e71f04de4369858\">\u0130leti\u015fim buna benzer bir \u015fey de\u011fil.<\/p>\n\n\n\n<p class=\"has-black-color has-text-color has-link-color wp-elements-f0770ff8065aec3d289b48f8e37b8ac0\">\u00c7\u00fcnk\u00fc konu\u015furken, yazarken s\u00f6zc\u00fckleri kullan\u0131yoruz.<\/p>\n\n\n\n<p class=\"has-black-color has-text-color has-link-color wp-elements-40faee1b98fc2ce0941f21320d1ba18c\">Meram\u0131m\u0131z\u0131, ka\u00e7 s\u00f6zc\u00fckle anlatabilece\u011fimizin kesin bir \u00f6l\u00e7\u00fcs\u00fc yok.<\/p>\n\n\n\n<p class=\"has-black-color has-text-color has-link-color wp-elements-cd624030e776e4391602b9f99d416120\">Neyi, ne kadar ve nas\u0131l s\u00f6ylersek s\u00f6yleyelim, s\u00f6zc\u00fcklerimize bamba\u015fka anlamlar y\u00fckleniyor olabilir\u2026<\/p>\n\n\n\n<p class=\"has-black-color has-text-color has-link-color wp-elements-9ee122b241b81e6053fbc99623931f27\">Sonu\u00e7, hi\u00e7 ummad\u0131\u011f\u0131m\u0131z bir bi\u00e7imde kast\u0131m\u0131zdan farkl\u0131 bir noktaya kayabilir\u2026<\/p>\n\n\n\n<p class=\"has-black-color has-text-color has-link-color wp-elements-cde8fae03c6357de672c0868ace6d58e\">Buna ileti\u015fimde anlam kayb\u0131 ya da entropi diyoruz.<\/p>\n\n\n\n<p class=\"has-black-color has-text-color has-link-color wp-elements-f27aa2f308115a216a8b7f37cc2de8a1\">\u25cf\u25cf\u25cf<\/p>\n\n\n\n<p class=\"has-black-color has-text-color has-link-color wp-elements-8e767b65126d9c0828b0547aa71c5809\">Taraflar\u0131n sosyoekonomik ve sosyok\u00fclt\u00fcrel ko\u015fullar\u0131ndaki farkl\u0131l\u0131ktan kaynaklanan bu durumu sona erdirebilecek sihirli bir de\u011fne\u011fe de sahip de\u011filiz.<\/p>\n\n\n\n<p class=\"has-black-color has-text-color has-link-color wp-elements-9323d71b47ce09b9a5bfeb32602d6490\">Bi d\u00fc\u015f\u00fcnelim\u2026<\/p>\n\n\n\n<p class=\"has-black-color has-text-color has-link-color wp-elements-7fb8270a012805fdfcd54951b9107f2c\">Mesel\u00e2\u2026<\/p>\n\n\n\n<p class=\"has-black-color has-text-color has-link-color wp-elements-d4669eec995866555012b05248e9a595\">Demokrasi dedi\u011fimizde ne anl\u0131yoruz?<\/p>\n\n\n\n<p class=\"has-black-color has-text-color has-link-color wp-elements-914771117c02c31ad7a86a219ebeb8e8\">Hak\u2026<\/p>\n\n\n\n<p class=\"has-black-color has-text-color has-link-color wp-elements-9f23f99f1a8ad771ea29445a21e8b8ef\">Hukuk\u2026<\/p>\n\n\n\n<p class=\"has-black-color has-text-color has-link-color wp-elements-7b63eeec3ca7e075f0b7343e4cce3c91\">Adalet\u2026<\/p>\n\n\n\n<p class=\"has-black-color has-text-color has-link-color wp-elements-2472d56451c539602bf68872a8a1b9f3\">E\u015fitlik\u2026<\/p>\n\n\n\n<p class=\"has-black-color has-text-color has-link-color wp-elements-a86d40d20b7998cdc06ccd4760eca07a\">Siyaset\u2026<\/p>\n\n\n\n<p class=\"has-black-color has-text-color has-link-color wp-elements-f8654f25e032a568af98894572c875f2\">Parti\u2026<\/p>\n\n\n\n<p class=\"has-black-color has-text-color has-link-color wp-elements-f90044b002f893c4350fdd1b7fb69e89\">Se\u00e7im\u2026<\/p>\n\n\n\n<p class=\"has-black-color has-text-color has-link-color wp-elements-666df7b04e84ff30fc4c6e3ff40b393b\">Se\u00e7men\u2026<\/p>\n\n\n\n<p class=\"has-black-color has-text-color has-link-color wp-elements-6416667b89359df03d8ee3c64257dee9\">\u0130ktidar\u2026<\/p>\n\n\n\n<p class=\"has-black-color has-text-color has-link-color wp-elements-00f39a9ed64f10852ec881c3c8e95a45\">Muhalefet\u2026<\/p>\n\n\n\n<p class=\"has-black-color has-text-color has-link-color wp-elements-cda73b155b71436b2d4e4168ecfc4305\">Ehliyet\u2026<\/p>\n\n\n\n<p class=\"has-black-color has-text-color has-link-color wp-elements-54ec09ccc81665ca826213fbb7c1cd50\">Liy\u00e2kat\u2026<\/p>\n\n\n\n<p class=\"has-black-color has-text-color has-link-color wp-elements-4faa151e9b425a3615b4a601f396bcd4\">Erdem\u2026<\/p>\n\n\n\n<p class=\"has-black-color has-text-color has-link-color wp-elements-9d45e1382e35099bb5490d62f4e417ce\">Kalk\u0131nma\u2026<\/p>\n\n\n\n<p class=\"has-black-color has-text-color has-link-color wp-elements-cafc16c91d83c86ba677a6ee349a50dc\">Refah\u2026<\/p>\n\n\n\n<p class=\"has-black-color has-text-color has-link-color wp-elements-3b86a6b0ff206091ef68fb3f7632635d\">\u00c7o\u011fulculuk\u2026<\/p>\n\n\n\n<p class=\"has-black-color has-text-color has-link-color wp-elements-41cb5325153d2cc8a2aec4a2a0de65d4\">Kat\u0131l\u0131m\u2026<\/p>\n\n\n\n<p class=\"has-black-color has-text-color has-link-color wp-elements-7c07e68c0991595c6f23ed4696ed0205\">Devlet\u2026<\/p>\n\n\n\n<p class=\"has-black-color has-text-color has-link-color wp-elements-684f7288d62ae43b108aaab74c49a735\">Birey\u2026<\/p>\n\n\n\n<p class=\"has-black-color has-text-color has-link-color wp-elements-03f4422276b8d7bbf6493744f5cc7de8\">Toplum\u2026<\/p>\n\n\n\n<p class=\"has-black-color has-text-color has-link-color wp-elements-24409f56a77bc4a516f55eb966eae155\">Bilim\u2026<\/p>\n\n\n\n<p class=\"has-black-color has-text-color has-link-color wp-elements-73d1d6356aca4497649e6746fe9c79f9\">Teknoloji\u2026<\/p>\n\n\n\n<p class=\"has-black-color has-text-color has-link-color wp-elements-16a865d60608a2a40aa4416dcbd7864d\">\u00dcretim\u2026<\/p>\n\n\n\n<p class=\"has-black-color has-text-color has-link-color wp-elements-361cb548e06ab8eb2f554ab1ec9c1b17\">Yerel\u2026<\/p>\n\n\n\n<p class=\"has-black-color has-text-color has-link-color wp-elements-b6a8e0018afd4ef2faf5ca6a52dcc855\">Evrensel dendi\u011finde ne anl\u0131yoruz?<\/p>\n\n\n\n<p class=\"has-black-color has-text-color has-link-color wp-elements-a8fa7d0db52ed101da6eaeccfdc8d5e2\">Kavramlara y\u00fckledi\u011fimiz anlamlar neler?<\/p>\n\n\n\n<p class=\"has-black-color has-text-color has-link-color wp-elements-092e47c49c2883fed8d5e0863eb3b84b\">Ve\u2026<\/p>\n\n\n\n<p class=\"has-black-color has-text-color has-link-color wp-elements-fb2de654847484720b9d3e9e8cbdbc30\">Tan\u0131mlar\u0131m\u0131z ne kadar ortak?<\/p>\n\n\n\n<p class=\"has-black-color has-text-color has-link-color wp-elements-f27aa2f308115a216a8b7f37cc2de8a1\">\u25cf\u25cf\u25cf<\/p>\n\n\n\n<p class=\"has-black-color has-text-color has-link-color wp-elements-90e544579a50772b4b899e1f8ecd6935\">G\u00f6r\u00fcnen o ki\u2026<\/p>\n\n\n\n<p class=\"has-black-color has-text-color has-link-color wp-elements-c94b549579c729322ce91fb365cfca56\"><strong>150 y\u0131ll\u0131k bir kapitalist gecikme sonucunda mahrum kald\u0131\u011f\u0131m\u0131z t\u00fcm \u201cnimetlere\u201d maliyetsiz, zahmetsiz ve hemen ula\u015fmak istiyoruz\u2026<\/strong><\/p>\n\n\n\n<p class=\"has-black-color has-text-color has-link-color wp-elements-ee4eb9ebc3928cbe695ba57a9265f5a1\"><a href=\"https:\/\/www.gastetech.com\/insanlik-icin-ihtar-vaktiydi-ama\/\" target=\"_blank\" rel=\"noreferrer noopener\">\u0130kb\u00e2le giden en kestirme yolu&nbsp;<strong>\u201cke\u015ffedebilmek\u201d&nbsp;<\/strong>i\u00e7in her \u015feyi ama her \u015feyi hoyrat\u00e7a&nbsp;<strong>\u201ct\u00fcketiyoruz\u2026\u201d<\/strong><\/a><\/p>\n\n\n\n<p class=\"has-black-color has-text-color has-link-color wp-elements-8fa133d7b30963251b035157ebb242ad\"><strong>\u201cAmaca giden her yol m\u00fcbah\u201d&nbsp;<\/strong>anlay\u0131\u015f\u0131na her ge\u00e7en g\u00fcn daha fazla teslim oluyoruz\u2026<\/p>\n\n\n\n<p class=\"has-black-color has-text-color has-link-color wp-elements-7c0937e2dab6a88175c89dfdf0fb7728\">Ama baz\u0131 temel g\u00f6stergeler d\u00fcnden bug\u00fcne&nbsp;<strong>\u201cben buraday\u0131m\u201d<\/strong>&nbsp;diyor\u2026<\/p>\n\n\n\n<p class=\"has-black-color has-text-color has-link-color wp-elements-04cad5de623f0b1b31e802b006c97695\">Al\u0131n bir \u00f6rnek\u2026<\/p>\n\n\n\n<p class=\"has-black-color has-text-color has-link-color wp-elements-afce0b81550707fc48494c56cac33303\">\u00dclkemizin y\u00fcksek katma de\u011ferli teknolojik \u00fcr\u00fcnlerinin gayri safi mill\u00ee has\u0131la i\u00e7indeki pay\u0131 20 y\u0131l \u00f6nce de y\u00fczde 2\u2019ler d\u00fczeyindeymi\u015f\u2026 Bug\u00fcn de h\u00e2l\u00e2 ayn\u0131 seviyelerde.<\/p>\n\n\n\n<p class=\"has-black-color has-text-color has-link-color wp-elements-7a02b6330a9fc507c63574fe1438499c\">Teknolojik \u00fcr\u00fcnlerimizle geleneksel \u00fcr\u00fcnlerimizi k\u0131yaslad\u0131\u011f\u0131m\u0131zda ekonomimiz i\u00e7indeki paylar\u0131n\u0131n de\u011fi\u015fmedi\u011fini g\u00f6r\u00fcyoruz.<\/p>\n\n\n\n<p class=\"has-black-color has-text-color has-link-color wp-elements-2390996310410d005f82a23c1a12ba9c\">Yine\u2026<\/p>\n\n\n\n<p class=\"has-black-color has-text-color has-link-color wp-elements-941801c2fc8d4be1860d29f650a1c91b\"><strong>2004\u2019te d\u00fcnyan\u0131n en b\u00fcy\u00fck 17. ekonomisine sahipken, 2019 itibar\u0131 ile 20. s\u0131raya geriliyoruz.<\/strong><\/p>\n\n\n\n<p class=\"has-black-color has-text-color has-link-color wp-elements-ee22018602d1c1fc5031a6648af5d8eb\"><strong>Pandeminin etkilerini ise \u00f6n\u00fcm\u00fczdeki d\u00f6nemlerde daha net olarak g\u00f6rebilece\u011fiz.<\/strong><\/p>\n\n\n\n<p class=\"has-black-color has-text-color has-link-color wp-elements-727b19f6298c4d067b998e3efa28755a\">Gelir da\u011f\u0131l\u0131m\u0131nda dar ve sabit gelirliler aleyhine giderek artan bozulmay\u0131 ayr\u0131nt\u0131lar\u0131yla vurgulamam\u0131za gerek yok\u2026&nbsp;Bunu herkes i\u015finde, evinde, cebinde hissediyor\u2026<\/p>\n\n\n\n<p class=\"has-black-color has-text-color has-link-color wp-elements-20730e59cec6d9a4a8bb180c21619de2\">B\u00fcy\u00fcyoruz elbette\u2026 Ama bunu&nbsp;<strong>\u201cirile\u015fmeden\u201d<\/strong>&nbsp;farkl\u0131la\u015ft\u0131rarak sa\u011fl\u0131kl\u0131 bir geli\u015fme zeminine oturtam\u0131yoruz.<\/p>\n\n\n\n<p class=\"has-black-color has-text-color has-link-color wp-elements-2f898d193475b30fae736126ebefcb84\">\u00dcst\u00fcne \u00fcstl\u00fck bir de di\u011fer \u00fclkeler bo\u015f durmay\u0131nca&nbsp;<strong>\u201cyerimizde say\u0131yoruz\u201d&nbsp;<\/strong>diyebilmekten bile ad\u0131m ad\u0131m uzakla\u015f\u0131yoruz.<\/p>\n\n\n\n<p class=\"has-black-color has-text-color has-link-color wp-elements-f27aa2f308115a216a8b7f37cc2de8a1\">\u25cf\u25cf\u25cf<\/p>\n\n\n\n<p class=\"has-black-color has-text-color has-link-color wp-elements-2f8f7b40ffea2b1807a2b86f443e2ef2\"><strong>\u201cMuas\u0131r medeniyet seviyesinin \u00fcst\u00fcne \u00e7\u0131kman\u0131n\u201d&nbsp;<\/strong>ya da kendimize l\u00e2y\u0131k g\u00f6rd\u00fc\u011f\u00fcm\u00fcz muhayyel<strong>&nbsp;\u201cde\u011fer\u201d<\/strong>i hak edebilmemizin yolu \u00f6ncelikle birbirimizi ve kavramlar\u0131&nbsp;<strong>\u201cdo\u011fru\u201d&nbsp;<\/strong>anlamaktan ge\u00e7iyor.<\/p>\n\n\n\n<p class=\"has-black-color has-text-color has-link-color wp-elements-52dd08aeea4b2ccb0a9f72f6ece52ca4\">\u0130nsanl\u0131\u011f\u0131n evrensel de\u011ferleriyle \u00f6rt\u00fc\u015fen&nbsp;<strong>\u201cortak bir dil\u201d&nbsp;<\/strong>kurmadan bu&nbsp;<strong>\u201cyolculu\u011fu\u201d&nbsp;<\/strong>s\u00fcrd\u00fcrmek zor.<\/p>\n\n\n\n<p class=\"has-black-color has-text-color has-link-color wp-elements-ff0094a8bdd617f1688ed5cb8ef1b847\">P\u0131r\u0131l p\u0131r\u0131l bir gelece\u011fe sadece ki\u015filerle de\u011fil, kurallarla y\u00fcr\u00fcyebiliriz\u2026<\/p>\n\n\n\n<p class=\"has-black-color has-text-color has-link-color wp-elements-5935064ee0b3b6997d470de77f81a3ee\">Kurallar\u0131 anlaml\u0131 k\u0131lan da kavramlar!<\/p>\n\n\n\n<p class=\"has-black-color has-text-color has-link-color wp-elements-b2cf2a62868ceb5bd3df5f8b0f5b6d59\"><strong>Mehmet Y\u00fccel<\/strong><\/p>\n","protected":false},"excerpt":{"rendered":"<p>&#8220;Muas\u0131r medeniyet seviyesinin \u00fcst\u00fcne \u00e7\u0131kman\u0131n&#8221; ya da kendimize l\u00e2y\u0131k g\u00f6rd\u00fc\u011f\u00fcm\u00fcz muhayyel \u201cde\u011fer\u201di hak edebilmemizin yolu \u00f6ncelikle birbirimizi ve kavramlar\u0131 &#8220;do\u011fru&#8221; anlamaktan ge\u00e7iyor. \u0130nsanl\u0131\u011f\u0131n evrensel de\u011ferleriyle \u00f6rt\u00fc\u015fen &#8220;ortak bir dil&#8221; kurmadan bu &#8220;yolculu\u011fu&#8221; s\u00fcrd\u00fcrmek zor. B\u00fcy\u00fcyoruz elbette\u2026 Ama bunu&nbsp;\u201cirile\u015fmeden\u201d farkl\u0131la\u015ft\u0131rarak sa\u011fl\u0131kl\u0131 bir geli\u015fme zeminine oturtam\u0131yoruz. \u00dcst\u00fcne \u00fcstl\u00fck bir de di\u011fer \u00fclkeler bo\u015f durmay\u0131nca&nbsp;\u201cyerimizde say\u0131yoruz\u201d&nbsp;diyebilmekten bile ad\u0131m [&hellip;]<\/p>\n","protected":false},"author":1,"featured_media":139,"comment_status":"open","ping_status":"open","sticky":false,"template":"","format":"standard","meta":{"footnotes":""},"categories":[3],"tags":[],"_links":{"self":[{"href":"http:\/\/www.mehmetyucel.net\/index.php\/wp-json\/wp\/v2\/posts\/28"}],"collection":[{"href":"http:\/\/www.mehmetyucel.net\/index.php\/wp-json\/wp\/v2\/posts"}],"about":[{"href":"http:\/\/www.mehmetyucel.net\/index.php\/wp-json\/wp\/v2\/types\/post"}],"author":[{"embeddable":true,"href":"http:\/\/www.mehmetyucel.net\/index.php\/wp-json\/wp\/v2\/users\/1"}],"replies":[{"embeddable":true,"href":"http:\/\/www.mehmetyucel.net\/index.php\/wp-json\/wp\/v2\/comments?post=28"}],"version-history":[{"count":9,"href":"http:\/\/www.mehmetyucel.net\/index.php\/wp-json\/wp\/v2\/posts\/28\/revisions"}],"predecessor-version":[{"id":1002,"href":"http:\/\/www.mehmetyucel.net\/index.php\/wp-json\/wp\/v2\/posts\/28\/revisions\/1002"}],"wp:featuredmedia":[{"embeddable":true,"href":"http:\/\/www.mehmetyucel.net\/index.php\/wp-json\/wp\/v2\/media\/139"}],"wp:attachment":[{"href":"http:\/\/www.mehmetyucel.net\/index.php\/wp-json\/wp\/v2\/media?parent=28"}],"wp:term":[{"taxonomy":"category","embeddable":true,"href":"http:\/\/www.mehmetyucel.net\/index.php\/wp-json\/wp\/v2\/categories?post=28"},{"taxonomy":"post_tag","embeddable":true,"href":"http:\/\/www.mehmetyucel.net\/index.php\/wp-json\/wp\/v2\/tags?post=28"}],"curies":[{"name":"wp","href":"https:\/\/api.w.org\/{rel}","templated":true}]}}