{"id":29,"date":"2022-05-21T13:39:20","date_gmt":"2022-05-21T13:39:20","guid":{"rendered":"http:\/\/www.mehmetyucel.net\/index.php\/2022\/05\/21\/the-best-cafe-in-town\/"},"modified":"2025-08-13T08:57:37","modified_gmt":"2025-08-13T08:57:37","slug":"gecmisin-isigiyla-gelecegimizi-aydinlatmak","status":"publish","type":"post","link":"http:\/\/www.mehmetyucel.net\/index.php\/2022\/05\/21\/gecmisin-isigiyla-gelecegimizi-aydinlatmak\/","title":{"rendered":"Ge\u00e7mi\u015fin \u0131\u015f\u0131\u011f\u0131yla gelece\u011fimizi ayd\u0131nlatmak\u2026"},"content":{"rendered":"\n<h3 class=\"wp-block-heading alignwide has-black-color has-text-color has-link-color wp-elements-ef8f7ad90467f64f90dc04545030d2ef\"><em>Niteliksiz bir e\u011fitimle yar\u0131nlar\u0131m\u0131za umutla bakamay\u0131z&#8230; E\u011fitim sistemimiz bu haliyle, tarih\u00ee rekorlara ko\u015fan &#8220;gen\u00e7 i\u015fsizli\u011fi&#8221;ni daha da &#8220;azd\u0131rmaktan&#8221; ba\u015fka bir i\u015fe yaram\u0131yor.<\/em><\/h3>\n\n\n\n<p><\/p>\n\n\n\n<blockquote class=\"wp-block-quote\">\n<p><span style=\"color: #000000;\">Gelece\u011fi d\u00fc\u015f\u00fcn\u00fcrken, do\u011fru bir bak\u0131\u015f a\u00e7\u0131s\u0131yla ge\u00e7mi\u015fe kulak vermek yararl\u0131 olabilir bazen!<\/span><\/p>\n\n\n\n<p><span style=\"color: #000000;\">Bi dinleyelim mi\u2026<\/span><\/p>\n\n\n\n<p><span style=\"color: #000000;\"><strong>Yer:&nbsp;<\/strong>Osmanl\u0131 Meclis-i Mebusan\u0131\u2026<\/span><\/p>\n\n\n\n<p><span style=\"color: #000000;\"><strong>Tarih:&nbsp;<\/strong>14 Temmuz 1914.<\/span><\/p>\n\n\n\n<p><span style=\"color: #000000;\">K\u00fcrs\u00fcde Kastamonu Milletvekili&nbsp;<strong>\u0130smail Mahir Efendi&nbsp;<\/strong>konu\u015fuyor:<\/span><\/p>\n\n\n\n<p><span style=\"color: #000000;\"><strong>\u201cParay\u0131 kazanmak i\u00e7in fen ve bilim adam\u0131 yeti\u015ftirmek gerektir. Para da kafayla kazan\u0131l\u0131r. Ziraat, ticaret, sanat, bilimle olur. Bilimsiz bunlar olmaz. (\u2026)\u00a0<\/strong><strong>Ne zaman b\u00fct\u00e7enizi denkle\u015ftirmek isterseniz e\u011fitimi geli\u015ftiriniz. E\u011fitimi geli\u015ftirmedik\u00e7e b\u00fct\u00e7ede denklik ger\u00e7ekle\u015fmez.\u201d<\/strong><\/span><\/p>\n<\/blockquote>\n\n\n<div class=\"wp-block-image\">\n<figure class=\"alignright is-resized\"><img loading=\"lazy\" decoding=\"async\" width=\"538\" height=\"489\" src=\"https:\/\/www.mehmetyucel.net\/wp-content\/uploads\/2025\/08\/Ismail-Mahir-Efendi-1.jpg\" alt=\"\" class=\"wp-image-940\" style=\"width:403px;height:auto\" srcset=\"http:\/\/www.mehmetyucel.net\/wp-content\/uploads\/2025\/08\/Ismail-Mahir-Efendi-1.jpg 538w, http:\/\/www.mehmetyucel.net\/wp-content\/uploads\/2025\/08\/Ismail-Mahir-Efendi-1-300x273.jpg 300w\" sizes=\"(max-width: 538px) 100vw, 538px\" \/><figcaption class=\"wp-element-caption\">\u0130smail Mahir Efendi&#8217;nin &#8220;ruhu&#8221;, y\u00fcre\u011finde sorumluluk hisseden herkese &#8220;g\u00f6z k\u0131rp\u0131yor&#8230;&#8221;<\/figcaption><\/figure><\/div>\n\n\n<p><span style=\"color: #000000;\">Dillerimize pelesenk olmu\u015f bir ifade:<\/span><\/p>\n\n\n\n<p><strong>\u201cE\u011fitim \u015fart!\u201d<\/strong><\/p>\n\n\n\n<p><span style=\"color: #000000;\">Her duruma ve her konuya uygun\u2026<\/span><\/p>\n\n\n\n<p><span style=\"color: #000000;\">Hele bir de&nbsp;<strong>\u201ca\u011f\u0131r abi modu<\/strong>\u201dnda s\u00f6ylenmeye g\u00f6rs\u00fcn,&nbsp;<strong>\u201cracon sa\u011flam\u2026\u201d<\/strong><\/span><\/p>\n\n\n\n<p><span style=\"color: #000000;\">G\u00f6ren, duyan da all\u00e2me-i cihan san\u0131r!<\/span><\/p>\n\n\n\n<p>\u0130yi g\u00fczel de, nas\u0131l olacak?<\/p>\n\n\n\n<p><span style=\"color: #000000;\">\u00c7\u00f6zemedi\u011fimiz nokta bu!<\/span><\/p>\n\n\n\n<p><span style=\"color: #000000;\">Kafalar\u0131m\u0131z kar\u0131\u015f\u0131k\u2026<\/span><\/p>\n\n\n\n<p><span style=\"color: #000000;\">Bi d\u00fcnya e\u011fitim modeli u\u00e7u\u015fuyor ortal\u0131kta\u2026<\/span><\/p>\n\n\n\n<p><span style=\"color: #000000;\">Hangisinde karar k\u0131lmal\u0131\u2026 Ki, gelece\u011fimiz&nbsp;<strong>\u201cayd\u0131nlans\u0131n\u2026\u201d<\/strong><\/span><\/p>\n\n\n\n<p><span style=\"color: #000000;\">Amerikan m\u0131?<\/span><\/p>\n\n\n\n<p><span style=\"color: #000000;\">Japon mu?<\/span><\/p>\n\n\n\n<p><span style=\"color: #000000;\">Alman m\u0131?<\/span><\/p>\n\n\n\n<p><span style=\"color: #000000;\">Yoksa son y\u0131llarda pek reva\u00e7ta olan Finlandiya modeli mi?<\/span><\/p>\n\n\n\n<p><span style=\"color: #000000;\">Yabanc\u0131 dille mi, T\u00fcrk\u00e7e mi?<\/span><\/p>\n\n\n\n<p><span style=\"color: #000000;\">Gel de \u00e7\u0131k i\u015fin i\u00e7inden.<\/span><\/p>\n\n\n\n<p><span style=\"color: #000000;\">Zor\u2026<\/span><\/p>\n\n\n\n<p><span style=\"color: #000000;\">D\u00fc\u015f\u00fcnsenize\u2026<\/span><\/p>\n\n\n\n<p><span style=\"color: #000000;\">Cumhuriyetimizin kurulu\u015fundan bu yana mill\u00ee e\u011fitimde 74 bakan de\u011fi\u015ftirmi\u015fiz\u2026<\/span><\/p>\n\n\n\n<p><span style=\"color: #000000;\">Sadece 2002\u2019den bu yana de\u011fi\u015ftirdi\u011fimiz bakan say\u0131s\u0131 7.<\/span><\/p>\n\n\n\n<p><strong>\u2022\u2022\u2022<\/strong><\/p>\n\n\n<div class=\"wp-block-image\">\n<figure class=\"alignleft is-resized\"><img loading=\"lazy\" decoding=\"async\" width=\"609\" height=\"1000\" src=\"https:\/\/www.mehmetyucel.net\/wp-content\/uploads\/2025\/05\/Mehmet-Yucel-SON.jpg\" alt=\"\" class=\"wp-image-933\" style=\"width:157px;height:auto\" srcset=\"http:\/\/www.mehmetyucel.net\/wp-content\/uploads\/2025\/05\/Mehmet-Yucel-SON.jpg 609w, http:\/\/www.mehmetyucel.net\/wp-content\/uploads\/2025\/05\/Mehmet-Yucel-SON-183x300.jpg 183w\" sizes=\"(max-width: 609px) 100vw, 609px\" \/><\/figure><\/div>\n\n\n<p><span style=\"color: #000000; font-size: revert;\">Tar\u0131mdan sanayiye\u2026<\/span><\/p>\n\n\n\n<p><span style=\"color: #000000;\">\u00dcretimden t\u00fcketime\u2026<\/span><\/p>\n\n\n\n<p><span style=\"color: #000000;\">Toplumsal hayat\u0131n bir b\u00fct\u00fcn olarak bamba\u015fka bir noktaya evrili\u015fine&nbsp;<strong>\u201ctan\u0131k oluyoruz\u2026\u201d<\/strong><\/span><\/p>\n\n\n\n<p><span style=\"color: #000000;\">Yapay zek\u00e2n\u0131n\u2026<\/span><\/p>\n\n\n\n<p><span style=\"color: #000000;\"><strong>\u201cNesnelerin interneti\u201d<\/strong>nin g\u00fcndelik hayatlar\u0131m\u0131za h\u0131zla girdi\u011fi\u2026<\/span><\/p>\n\n\n\n<p><span style=\"color: #000000;\">\u0130nsanla yapay zek\u00e2n\u0131n ortak ya\u015fay\u0131p ya\u015fayamayaca\u011f\u0131n\u0131n tart\u0131\u015f\u0131ld\u0131\u011f\u0131 g\u00fcnlerin&nbsp;<strong>\u201chavas\u0131n\u0131 soluyoruz\u2026\u201d<\/strong><\/span><\/p>\n\n\n\n<p><span style=\"color: #000000;\"><strong>End\u00fcstri 4.0&nbsp;<\/strong>kavram\u0131yla\u2026<\/span><\/p>\n\n\n\n<p><span style=\"color: #000000;\">\u00dcretimde dijitalle\u015fmenin zirveye \u00e7\u0131kar\u0131lmas\u0131\u2026<\/span><\/p>\n\n\n\n<p><span style=\"color: #000000;\">\u0130nsan eme\u011fine ba\u011f\u0131ml\u0131l\u0131\u011f\u0131n minimuma indirilmesi\u2026<\/span><\/p>\n\n\n\n<p><span style=\"color: #000000;\">Bu yolla hata oranlar\u0131n\u0131n s\u0131f\u0131rlanmas\u0131 ve h\u0131z kazan\u0131lmas\u0131\u2026<\/span><\/p>\n\n\n\n<p><span style=\"color: #000000;\">Yani\u2026<\/span><\/p>\n\n\n\n<p>Olabildi\u011fince&nbsp;<strong>insans\u0131z \u00fcretim hedefleniyor.<\/strong><\/p>\n\n\n\n<p><span style=\"color: #000000;\">Yani\u2026<\/span><\/p>\n\n\n\n<p><span style=\"color: #000000;\"><strong>End\u00fcstri 4.0 denilen \u015fey niteliksiz, e\u011fitimsiz, s\u0131radan insan\u0131n \u201ck\u00e2busu!\u201d<\/strong><\/span><\/p>\n\n\n\n<p><span style=\"color: #000000;\">B\u00f6yle bir d\u00fcnyay\u0131 yepyeni bak\u0131\u015f a\u00e7\u0131lar\u0131yla kavramaktan, bilgiye odaklanmaktan ba\u015fka \u015fans\u0131m\u0131z yok!<\/span><\/p>\n\n\n\n<p><span style=\"color: #000000;\">B\u00fcy\u00fck bir merak ve a\u00e7l\u0131kla bilgiye ula\u015fmal\u0131, \u00f6\u011frenmeli, sindirmeli, farkl\u0131 disiplinlerle etkile\u015fime a\u00e7arak zenginle\u015ftirmeli ve en \u00f6nemlisi uygulamal\u0131y\u0131z!<\/span><\/p>\n\n\n\n<p><span style=\"color: #000000;\"><strong>\u2022\u2022\u2022<\/strong><\/span><\/p>\n\n\n\n<p><span style=\"color: #000000;\">\u00c7inli ozan&nbsp;<strong>Kuan-Tzu<\/strong>, M.\u00d6. 1000\u2019li y\u0131llardan g\u00fcn\u00fcm\u00fcze ula\u015fan dizelerinde s\u00f6yl\u00fcyor ya:<\/span><\/p>\n\n\n\n<p><span style=\"color: #000000;\"><strong>\u201cBir y\u0131l sonras\u0131n\u0131 d\u00fc\u015f\u00fcn\u00fcyorsan, tohum ek,<\/strong><\/span><\/p>\n\n\n\n<p><strong>Tasarlad\u0131\u011f\u0131n on y\u0131l sonras\u0131 ise, a\u011fa\u00e7 dik.<\/strong><\/p>\n\n\n\n<p><span style=\"color: #000000;\"><strong>Yok, y\u00fcz y\u0131l sonras\u0131 ise d\u00fc\u015f\u00fcnd\u00fc\u011f\u00fcn, halk\u0131 e\u011fit!\u201d<\/strong><\/span><\/p>\n\n\n\n<p><span style=\"color: #000000;\"><strong>\u2022\u2022\u2022<\/strong><\/span><\/p>\n\n\n\n<p><span style=\"color: #000000;\">Gelece\u011fi d\u00fc\u015f\u00fcn\u00fcrken, bazen do\u011fru bir bak\u0131\u015f a\u00e7\u0131s\u0131yla ge\u00e7mi\u015fe kulak vermek yararl\u0131 olabilir!<\/span><\/p>\n\n\n\n<p><span style=\"color: #000000;\">Bi dinleyelim mi\u2026<\/span><\/p>\n\n\n\n<p><span style=\"color: #000000;\"><strong>Yer:&nbsp;<\/strong>Osmanl\u0131 Meclis-i Mebusan\u0131\u2026<\/span><\/p>\n\n\n\n<p><span style=\"color: #000000;\"><strong>Tarih:&nbsp;<\/strong>14 Temmuz 1914.<\/span><\/p>\n\n\n\n<p><span style=\"color: #000000;\">K\u00fcrs\u00fcde Kastamonu Milletvekili&nbsp;<strong>\u0130smail Mahir Efendi&nbsp;<\/strong>konu\u015fuyor:<\/span><\/p>\n\n\n\n<p><span style=\"color: #000000;\"><strong>\u201cParay\u0131 kazanmak i\u00e7in fen ve bilim adam\u0131 yeti\u015ftirmek gerektir. Para da kafayla kazan\u0131l\u0131r. Ziraat, ticaret, sanat, bilimle olur. Bilimsiz bunlar olmaz. (\u2026)<\/strong><\/span><\/p>\n\n\n\n<p><span style=\"color: #000000;\"><strong>Ne zaman b\u00fct\u00e7enizi denkle\u015ftirmek isterseniz e\u011fitimi geli\u015ftiriniz. E\u011fitimi geli\u015ftirmedik\u00e7e b\u00fct\u00e7ede denklik ger\u00e7ekle\u015fmez. (\u2026)<\/strong><\/span><\/p>\n\n\n\n<p><span style=\"color: #000000;\"><strong>Ben \u00f6yle san\u0131yorum ki bu gidi\u015fle belki y\u00fcz, y\u00fcz elli y\u0131lda ancak e\u011fitimi genelle\u015ftirebiliriz. (\u2026)<\/strong><\/span><\/p>\n\n\n\n<p><span style=\"color: #000000;\"><strong>\u00d6nerece\u011fim bi\u00e7imde hi\u00e7bir k\u00f6y\u00fcn\u00fcz\u00fc on y\u0131l i\u00e7erisinde okulsuz b\u0131rakmayacaks\u0131n\u0131z ve bunu da b\u00f6yle yapmal\u0131y\u0131z. Bendeniz diyorum ki a\u015fa\u011f\u0131 yukar\u0131 yetmi\u015f tane sanca\u011f\u0131m\u0131z var. Ya da memleketi yetmi\u015f e\u011fitim b\u00f6lgesine ay\u0131r\u0131n\u0131z. Bu sancaklar\u0131n \u00e7iftlik olan bir yerinde ya da kamusal topraklar\u0131n bulundu\u011fu bir yerinde bir erkek ve bir k\u0131za \u00f6zg\u00fc \u00e7ok geni\u015f yat\u0131l\u0131 ilkokullar yapar\u0131z. O sancakta ka\u00e7 tane k\u00f6y varsa hesaplars\u0131n\u0131z. Nerelerde okul yapacak isek oralardan bir k\u0131z \u00e7ocu\u011fu ve bir erkek \u00e7ocu\u011fu al\u0131p okula koyar\u0131z. Do\u011fal olarak k\u0131z okulunun bir\u00e7ok kurulu\u015fu, d\u00fczenlemesi olacak: Dokumac\u0131l\u0131k, a\u015f\u00e7\u0131l\u0131k, diki\u015f\u00e7ilik. Kad\u0131nlar\u0131n tar\u0131mdan yapabilecekleri tavuk\u00e7uluk ve benzerleri gibi. Erkek okullar\u0131nda da tamam\u0131yla tar\u0131m i\u015fleri. Bunlara d\u00f6rt y\u0131l ilk\u00f6\u011fretim g\u00f6sterelim ki T\u00fcrk \u00e7ocuklar\u0131 son derece kavray\u0131\u015fl\u0131 olur. \u00dc\u00e7 y\u0131l da ilk\u00f6\u011fretmen okulunun program\u0131n\u0131 bunlara g\u00f6sterelim. Toplam \u00f6\u011frenim yedi y\u0131l eder. Bir y\u0131l da eksiksiz uygulama g\u00f6r\u00fcr; sekiz y\u0131l oldu mu? Sekiz y\u0131la kadar o k\u00f6yl\u00fcleri zorunlu tutars\u0131n\u0131z; \u00f6\u011fretmen evini ve okullar\u0131n\u0131 o okullar\u0131n k\u00fc\u00e7\u00fck modeli bi\u00e7iminde olmak \u00fczere k\u00f6ylerinde yaps\u0131nlar.\u201d<\/strong>(*)<\/span><\/p>\n\n\n\n<p><span style=\"color: #000000;\"><strong>\u2022\u2022\u2022<\/strong><\/span><\/p>\n\n\n\n<p><span style=\"color: #000000;\">Ya\u015farken, y\u00fcz y\u0131l sonras\u0131n\u0131n \u00e7ilesini \u00e7eken\u2026<\/span><\/p>\n\n\n\n<p><span style=\"color: #000000;\">Kendini bu topraklar\u0131n insan\u0131na adayan cesur y\u00fcrek bir eylem ve fikir adam\u0131n\u0131n g\u00f6r\u00fc\u015fleri bu s\u00f6zler\u2026<\/span><\/p>\n\n\n\n<p><span style=\"color: #000000;\">De\u011ferli dostum, e\u011fitimci&nbsp;<strong>Mehmet Saydur<\/strong>\u2018un b\u00fcy\u00fck bir sab\u0131rla, yakla\u015f\u0131k otuz y\u0131l emek vererek kaleme ald\u0131\u011f\u0131&nbsp;<strong>\u201cK\u00f6y Enstit\u00fclerinin D\u00fc\u015f\u00fcn Babas\u0131 \u0130smail Mahir Efendi\u201d&nbsp;<\/strong>adl\u0131 kitab\u0131ndan \u00f6\u011freniyoruz b\u00fct\u00fcn bunlar\u0131\u2026<\/span><\/p>\n\n\n\n<p><span style=\"color: #000000;\">Tarihin tozlu sayfalar\u0131 aras\u0131ndan \u00e7ekip \u00e7\u0131kard\u0131\u011f\u0131 i\u00e7in kendisine ne kadar te\u015fekk\u00fcr etsek az.<\/span><\/p>\n\n\n\n<p><span style=\"color: #000000;\"><strong>\u2022\u2022\u2022<\/strong><\/span><\/p>\n\n\n\n<p><span style=\"color: #000000;\">\u015eunu s\u00f6ylemeye \u00e7al\u0131\u015f\u0131yorum:<\/span><\/p>\n\n\n\n<p><span style=\"color: #000000;\">D\u00fc\u015f\u00fcncelerini dile getirdikten tam 26 y\u0131l sonra ba\u015far\u0131l\u0131 bir e\u011fitim uygulamas\u0131n\u0131n ba\u015flat\u0131lmas\u0131na ilham kayna\u011f\u0131 olmu\u015f \u0130smail Mahir Efendi\u2019nin&nbsp;<strong>\u201c\u0131\u015f\u0131\u011f\u0131\u201d&nbsp;<\/strong>h\u00e2l\u00e2 g\u00f6z kama\u015ft\u0131r\u0131yor\u2026<\/span><\/p>\n\n\n\n<p><span style=\"color: #000000;\">Bu ufku\u2026<\/span><\/p>\n\n\n\n<p><span style=\"color: #000000;\">Bu samimiyeti\u2026<\/span><\/p>\n\n\n\n<p><span style=\"color: #000000;\">Bu heyecan\u0131&nbsp; yeniden sahiplenmeli, \u00e7a\u011f\u0131n gerekleriyle harmanlayarak g\u00fcn\u00fcm\u00fcze ta\u015f\u0131mal\u0131y\u0131z\u2026<\/span><\/p>\n\n\n\n<p><span style=\"color: #000000;\">Gelece\u011fin d\u00fcnyas\u0131nda tar\u0131mdan sanayiye, \u00fcretimden t\u00fcketime her \u015fey bilgiye endeksli.<\/span><\/p>\n\n\n\n<p><span style=\"color: #000000;\">Niteliksiz bir e\u011fitimle yar\u0131nlar\u0131m\u0131za umutla bakamay\u0131z\u2026<\/span><\/p>\n\n\n\n<p><span style=\"color: #000000;\">Sonu\u00e7lar apa\u00e7\u0131k ortada\u2026<\/span><\/p>\n\n\n\n<p><span style=\"color: #000000;\">E\u011fitim sistemimiz bu haliyle, tarih\u00ee rekorlara ko\u015fan&nbsp;<strong>\u201cgen\u00e7 i\u015fsizli\u011fi\u201d<\/strong>ni daha da&nbsp;<strong>\u201cazd\u0131rmaktan\u201d&nbsp;<\/strong>ba\u015fka bir i\u015fe yaram\u0131yor.<\/span><\/p>\n\n\n\n<p><span style=\"color: #000000;\"><strong>\u2022\u2022\u2022<\/strong><\/span><\/p>\n\n\n\n<p><span style=\"color: #000000;\">Ad\u0131na ister&nbsp;<strong>\u201cKent Enstit\u00fcs\u00fc\u201d<\/strong>&nbsp;diyelim\u2026<\/span><\/p>\n\n\n\n<p><span style=\"color: #000000;\">\u0130ster, \u00fcnl\u00fc ileti\u015fim kuramc\u0131s\u0131&nbsp;<strong>Mc Luhan<\/strong>\u2018\u0131n 1960\u2019l\u0131 y\u0131llarda s\u00f6yledi\u011fi,&nbsp;<strong>\u201cD\u00fcnya yak\u0131n bir gelecekte global k\u00f6ye d\u00f6necek\u201d&nbsp;<\/strong>s\u00f6z\u00fcne atfen&nbsp;<strong>\u201cGlobal K\u00f6y Enstit\u00fcs\u00fc\u2026\u201d&nbsp;<\/strong>diyelim\u2026<\/span><\/p>\n\n\n\n<p><span style=\"color: #000000;\">Ne ad verirsek verelim\u2026<\/span><\/p>\n\n\n\n<p><span style=\"color: #000000;\">Akl\u0131m\u0131za&nbsp;<strong>e\u011fitimle ilgili bir \u015fey d\u00fc\u015ft\u00fc\u011f\u00fcnde&nbsp;<\/strong>\u015funu hi\u00e7 unutmayal\u0131m\u2026<\/span><\/p>\n\n\n\n<p><span style=\"color: #000000;\">\u0130smail Mahir Efendi\u2019nin&nbsp;<strong>\u201cruhu\u201d<\/strong>, y\u00fcre\u011finde sorumluluk hisseden herkese&nbsp;<strong>\u201cg\u00f6z k\u0131rp\u0131yor\u2026\u201d<\/strong><\/span><\/p>\n\n\n\n<figure class=\"wp-block-image is-resized\"><img loading=\"lazy\" decoding=\"async\" width=\"400\" height=\"613\" src=\"https:\/\/www.mehmetyucel.net\/wp-content\/uploads\/2025\/08\/Ismail-Mahir-Efendi-2.jpg\" alt=\"\" class=\"wp-image-939\" style=\"width:433px;height:auto\" srcset=\"http:\/\/www.mehmetyucel.net\/wp-content\/uploads\/2025\/08\/Ismail-Mahir-Efendi-2.jpg 400w, http:\/\/www.mehmetyucel.net\/wp-content\/uploads\/2025\/08\/Ismail-Mahir-Efendi-2-196x300.jpg 196w\" sizes=\"(max-width: 400px) 100vw, 400px\" \/><\/figure>\n\n\n\n<p><em><span style=\"color: #000000;\">(*) K\u00f6y Enstit\u00fclerinin D\u00fc\u015f\u00fcn Babas\u0131 \u0130smail Mahir Efendi, Mehmet Saydur, Kaynak Yay\u0131nlar\u0131, 2018, s.264, 265.<\/span><\/em><\/p>\n","protected":false},"excerpt":{"rendered":"<p>Niteliksiz bir e\u011fitimle yar\u0131nlar\u0131m\u0131za umutla bakamay\u0131z&#8230; E\u011fitim sistemimiz bu haliyle, tarih\u00ee rekorlara ko\u015fan &#8220;gen\u00e7 i\u015fsizli\u011fi&#8221;ni daha da &#8220;azd\u0131rmaktan&#8221; ba\u015fka bir i\u015fe yaram\u0131yor. Gelece\u011fi d\u00fc\u015f\u00fcn\u00fcrken, do\u011fru bir bak\u0131\u015f a\u00e7\u0131s\u0131yla ge\u00e7mi\u015fe kulak vermek yararl\u0131 olabilir bazen! Bi dinleyelim mi\u2026 Yer:&nbsp;Osmanl\u0131 Meclis-i Mebusan\u0131\u2026 Tarih:&nbsp;14 Temmuz 1914. K\u00fcrs\u00fcde Kastamonu Milletvekili&nbsp;\u0130smail Mahir Efendi&nbsp;konu\u015fuyor: \u201cParay\u0131 kazanmak i\u00e7in fen ve bilim adam\u0131 [&hellip;]<\/p>\n","protected":false},"author":1,"featured_media":151,"comment_status":"open","ping_status":"open","sticky":false,"template":"","format":"standard","meta":{"footnotes":""},"categories":[3],"tags":[],"_links":{"self":[{"href":"http:\/\/www.mehmetyucel.net\/index.php\/wp-json\/wp\/v2\/posts\/29"}],"collection":[{"href":"http:\/\/www.mehmetyucel.net\/index.php\/wp-json\/wp\/v2\/posts"}],"about":[{"href":"http:\/\/www.mehmetyucel.net\/index.php\/wp-json\/wp\/v2\/types\/post"}],"author":[{"embeddable":true,"href":"http:\/\/www.mehmetyucel.net\/index.php\/wp-json\/wp\/v2\/users\/1"}],"replies":[{"embeddable":true,"href":"http:\/\/www.mehmetyucel.net\/index.php\/wp-json\/wp\/v2\/comments?post=29"}],"version-history":[{"count":28,"href":"http:\/\/www.mehmetyucel.net\/index.php\/wp-json\/wp\/v2\/posts\/29\/revisions"}],"predecessor-version":[{"id":952,"href":"http:\/\/www.mehmetyucel.net\/index.php\/wp-json\/wp\/v2\/posts\/29\/revisions\/952"}],"wp:featuredmedia":[{"embeddable":true,"href":"http:\/\/www.mehmetyucel.net\/index.php\/wp-json\/wp\/v2\/media\/151"}],"wp:attachment":[{"href":"http:\/\/www.mehmetyucel.net\/index.php\/wp-json\/wp\/v2\/media?parent=29"}],"wp:term":[{"taxonomy":"category","embeddable":true,"href":"http:\/\/www.mehmetyucel.net\/index.php\/wp-json\/wp\/v2\/categories?post=29"},{"taxonomy":"post_tag","embeddable":true,"href":"http:\/\/www.mehmetyucel.net\/index.php\/wp-json\/wp\/v2\/tags?post=29"}],"curies":[{"name":"wp","href":"https:\/\/api.w.org\/{rel}","templated":true}]}}