{"id":334,"date":"2022-05-20T10:33:00","date_gmt":"2022-05-20T10:33:00","guid":{"rendered":"https:\/\/www.mehmetyucel.net\/?p=334"},"modified":"2025-08-15T18:46:11","modified_gmt":"2025-08-15T18:46:11","slug":"ogrenilmis-caresizlik","status":"publish","type":"post","link":"http:\/\/www.mehmetyucel.net\/index.php\/2022\/05\/20\/ogrenilmis-caresizlik\/","title":{"rendered":"\u00d6\u011frenilmi\u015f \u00e7aresizlik&#8230;"},"content":{"rendered":"\n<blockquote class=\"wp-block-quote\">\n<h4 class=\"wp-block-heading has-black-color has-text-color has-link-color wp-elements-d2dc77f962704a51cf9b7ae71f6e0859\"><em>\u201cNe yaparsak yapal\u0131m sonu\u00e7ta hi\u00e7bir \u015fey fark etmiyor.\u201d<\/em><\/h4>\n\n\n\n<h4 class=\"wp-block-heading has-black-color has-text-color has-link-color wp-elements-2909b914f3993bbf6993417e83de7843\"><em>\u201cYapamayaca\u011f\u0131m.\u201d<\/em><\/h4>\n\n\n\n<h4 class=\"wp-block-heading has-black-color has-text-color has-link-color wp-elements-7935fb4bb4318c8e3023c18ef5d56b6a\"><em>\u201cHangi i\u015fim(iz) d\u00fczg\u00fcn gitti ki bu gitsin!\u201d<\/em>&nbsp;\u015feklinde \u00f6zetleyebilece\u011fimiz d\u00fc\u015f\u00fcnceler, bilim d\u00fcnyas\u0131n\u0131n her zaman ilgisini \u00e7ekmi\u015f\u2026<\/h4>\n<\/blockquote>\n\n\n<div class=\"wp-block-image\">\n<figure class=\"alignleft is-resized\"><img loading=\"lazy\" decoding=\"async\" width=\"609\" height=\"1000\" src=\"https:\/\/www.mehmetyucel.net\/wp-content\/uploads\/2025\/05\/Mehmet-Yucel-SON.jpg\" alt=\"\" class=\"wp-image-933\" style=\"width:154px;height:auto\" srcset=\"http:\/\/www.mehmetyucel.net\/wp-content\/uploads\/2025\/05\/Mehmet-Yucel-SON.jpg 609w, http:\/\/www.mehmetyucel.net\/wp-content\/uploads\/2025\/05\/Mehmet-Yucel-SON-183x300.jpg 183w\" sizes=\"(max-width: 609px) 100vw, 609px\" \/><\/figure><\/div>\n\n\n<p class=\"has-black-color has-text-color has-link-color wp-elements-980c5d01e8eff3f293d98e319884e4c4\">Arada s\u0131rada<strong>&nbsp;\u201cmemleket kara sular\u0131\u201d<\/strong>ndan biraz uzakla\u015f\u0131p&nbsp;<strong>\u201ckafa dinlemeli\u201d&nbsp;<\/strong>insan\u2026<\/p>\n\n\n\n<p class=\"has-black-color has-text-color has-link-color wp-elements-37f3352143337db8fee0fb84b9fa2d91\"><strong>\u201cYelken\u201d<\/strong>leri bamba\u015fka ufuklara do\u011fru \u015fi\u015firmeli\u2026<\/p>\n\n\n\n<p class=\"has-black-color has-text-color has-link-color wp-elements-641dc4a8e45eb0ec359da636afa3848f\"><strong>\u201cMavinin dinginli\u011fi\u201d<\/strong>ni \u00e7ekmeli i\u00e7ine\u2026<\/p>\n\n\n\n<p class=\"has-black-color has-text-color has-link-color wp-elements-d6c0dc0b3c10d88553da4abbce47a3f4\">Var m\u0131s\u0131n\u0131z, bug\u00fcn \u00f6yle yapal\u0131m.<\/p>\n\n\n\n<p class=\"has-black-color has-text-color has-link-color wp-elements-bb75c25b1b8841544dfd8e152d7a2417\">Haydi o zaman\u2026<\/p>\n\n\n\n<p class=\"has-black-color has-text-color has-link-color wp-elements-922f5fd71c4a2edbbd30513711e786b4\">Demir alma vaktidir\u2026<\/p>\n\n\n\n<p class=\"has-black-color has-text-color has-link-color wp-elements-ba3b7dd05728440a89db7d4dc0058ef9\">Vira Bismillah\u2026<\/p>\n\n\n\n<p class=\"has-black-color has-text-color has-link-color wp-elements-f27aa2f308115a216a8b7f37cc2de8a1\">\u25cf\u25cf\u25cf<\/p>\n\n\n\n<p class=\"has-black-color has-text-color has-link-color wp-elements-a8499678e71c34dd318148c88a54fee0\">Fillerin nas\u0131l e\u011fitildi\u011fini merak ettiniz mi hi\u00e7?<\/p>\n\n\n\n<p class=\"has-black-color has-text-color has-link-color wp-elements-ae568a36da3aed03bed9130bc366489f\">Filler, o kocaman c\u00fcsseleriyle nas\u0131l kontrol alt\u0131nda tutulabiliyor?<\/p>\n\n\n\n<p class=\"has-black-color has-text-color has-link-color wp-elements-703c03d42f4f51827a98962e46376fd8\">\u00c7ok basit bir y\u00f6ntemi varm\u0131\u015f me\u011fer\u2026<\/p>\n\n\n<div class=\"wp-block-image\">\n<figure class=\"alignright is-resized\"><img decoding=\"async\" src=\"https:\/\/www.gastetech.com\/wp-content\/uploads\/2021\/03\/Filler-ve-ogrenilmis-caresizlik-300x300.jpg\" alt=\"\" class=\"wp-image-987\" style=\"width:382px;height:auto\"\/><\/figure><\/div>\n\n\n<p class=\"has-black-color has-text-color has-link-color wp-elements-e9b92a5e52b4bfaa59f2b5d86747fece\">E\u011fitilecek olan fil daha yavruyken kal\u0131n bir zincirle baca\u011f\u0131ndan bir kaz\u0131\u011fa ba\u011flan\u0131yor ve ka\u00e7mas\u0131 engelleniyormu\u015f\u2026<\/p>\n\n\n\n<p class=\"has-black-color has-text-color has-link-color wp-elements-8ca7481d58b4af012b743ab520047a7f\">Yavru fil defalarca ka\u00e7may\u0131 deniyor\u2026 Fakat zinciri koparmaya da, yere \u00e7ak\u0131lm\u0131\u015f olan kaz\u0131\u011f\u0131 s\u00f6kmeye de g\u00fcc\u00fc yetmiyormu\u015f\u2026<\/p>\n\n\n\n<p class=\"has-black-color has-text-color has-link-color wp-elements-aff8167a2c1f9088a82b31640d8c4ac4\">Y\u0131llar ge\u00e7iyor, yavru fil zincire ba\u011fl\u0131 bir \u015fekilde bekleye bekleye b\u00fcy\u00fcyormu\u015f\u2026<\/p>\n\n\n\n<p class=\"has-black-color has-text-color has-link-color wp-elements-8aa028fedc3d3d7d5954daa80dd97b9c\">Fil, g\u00fcn gelip zinciri koparabilece\u011fi, kaz\u0131\u011f\u0131 s\u00f6kebilece\u011fi g\u00fcce eri\u015fti\u011fi halde ka\u00e7may\u0131 denemiyormu\u015f bile\u2026<\/p>\n\n\n\n<p class=\"has-black-color has-text-color has-link-color wp-elements-adb406662c783bc0a799650ea18c574b\">\u0130ncecik bir halatla ba\u011fl\u0131 olsa da al\u0131p ba\u015f\u0131n\u0131 gitmiyormu\u015f\u2026<\/p>\n\n\n\n<p class=\"has-black-color has-text-color has-link-color wp-elements-049ab6fbb138b64b06df768cbd5b7b09\">\u00c7\u00fcnk\u00fc art\u0131k kurtulamayaca\u011f\u0131na inan\u0131yormu\u015f!<\/p>\n\n\n\n<p class=\"has-black-color has-text-color has-link-color wp-elements-8aa1e81492136dd4d102466733b56754\">O alan\u0131n d\u0131\u015f\u0131na \u00e7\u0131kamayaca\u011f\u0131n\u0131&nbsp;<strong>\u201c\u00f6\u011frenmi\u015f\u201d<\/strong>&nbsp;oluyormu\u015f b\u00f6ylece.<\/p>\n\n\n\n<p class=\"has-black-color has-text-color has-link-color wp-elements-24806345a8a6f8519911f0d4cad33ded\">H\u00e2lbuki k\u0131ramayaca\u011f\u0131 \u015fey ba\u011fl\u0131 oldu\u011fu zincir de\u011fil, i\u00e7ine yerle\u015fen \u00e7aresizlik duygusuymu\u015f.<\/p>\n\n\n\n<p class=\"has-black-color has-text-color has-link-color wp-elements-f27aa2f308115a216a8b7f37cc2de8a1\">\u25cf\u25cf\u25cf<\/p>\n\n\n\n<p class=\"has-black-color has-text-color has-link-color wp-elements-7a707338c0d20976c7ac937a15f79e0a\">Benzer bir davran\u0131\u015f\u0131n pirelerde de oldu\u011fu g\u00f6r\u00fcl\u00fcyor\u2026<\/p>\n\n\n\n<p class=\"has-black-color has-text-color has-link-color wp-elements-0cb67b586ddd94b03b1c5a1562c6825f\">Pireler, bulunduklar\u0131 noktadan tek hamlede 60 cm. y\u00fcksekli\u011fe s\u0131\u00e7rayabiliyor\u2026<\/p>\n\n\n<div class=\"wp-block-image\">\n<figure class=\"alignright is-resized\"><img decoding=\"async\" src=\"https:\/\/www.gastetech.com\/wp-content\/uploads\/2021\/03\/Pireler-ve-ogrenilmis-caresizlik-291x300.jpg\" alt=\"\" class=\"wp-image-991\" style=\"width:332px;height:auto\"\/><\/figure><\/div>\n\n\n<p class=\"has-black-color has-text-color has-link-color wp-elements-2d5bd74eb2b6b5ef08d4974cfdc0762e\">\u0130\u015fte bu \u00f6zelliklerine dayanan bir deney yap\u0131l\u0131yor\u2026<\/p>\n\n\n\n<p class=\"has-black-color has-text-color has-link-color wp-elements-dfe6e14c9ea105366c9adfd4fbb1427a\">Sonu\u00e7lar ilgin\u00e7\u2026<\/p>\n\n\n\n<p class=\"has-black-color has-text-color has-link-color wp-elements-777fa2907c9aedca4cb4fc74de42d85e\">Pire, \u00fczerinde saydam bir kapak bulunan 30 cm. derinli\u011findeki bir kavanoza konuyor\u2026<\/p>\n\n\n\n<p class=\"has-black-color has-text-color has-link-color wp-elements-7d38fd710346adc81cd3980c1fb0e415\">Kavanoz alttan \u0131s\u0131t\u0131l\u0131yor\u2026<\/p>\n\n\n\n<p class=\"has-black-color has-text-color has-link-color wp-elements-9eb03b1fb6d7d3a589a034054d67d21c\">Aya\u011f\u0131 yanan pire, s\u0131\u00e7rayarak kurtulmak istiyor\u2026<\/p>\n\n\n\n<p class=\"has-black-color has-text-color has-link-color wp-elements-ba40538457bc0841505aaeda673d38ee\">Ama her seferinde \u00fcstteki kapa\u011fa \u00e7arparak yere d\u00fc\u015f\u00fcyor\u2026<\/p>\n\n\n\n<p class=\"has-black-color has-text-color has-link-color wp-elements-2e675bfafc3daa3332b7cd0fa4d097d7\">Nihayet s\u0131\u00e7ramaktan vazge\u00e7iyor ve kaderine raz\u0131 oluyor.<\/p>\n\n\n\n<p class=\"has-black-color has-text-color has-link-color wp-elements-3d26bb706f25a05ff8fac5a3a750d8c6\">Sonra kavanozun cam kapa\u011f\u0131 kald\u0131r\u0131l\u0131yor\u2026<\/p>\n\n\n\n<p class=\"has-black-color has-text-color has-link-color wp-elements-cd866217ceaea603a15286a0e610d175\">Tecr\u00fcbeli pirenin yan\u0131na yeni bir pire daha konuyor.<\/p>\n\n\n\n<p class=\"has-black-color has-text-color has-link-color wp-elements-ba63969c12324e2c3e68d077afbb103f\">Kavanoz yine alttan \u0131s\u0131t\u0131l\u0131yor\u2026<\/p>\n\n\n\n<p class=\"has-black-color has-text-color has-link-color wp-elements-b1643355bf9c0d4ecb8542f8d411cb1f\">Aya\u011f\u0131 yanan yeni pire s\u0131\u00e7rayarak kurtuluyor\u2026 Ama tecr\u00fcbeli pire s\u0131\u00e7ramaya te\u015febb\u00fcs dahi etmiyor.<\/p>\n\n\n\n<p class=\"has-black-color has-text-color has-link-color wp-elements-8125e9be3ab640ea64fc209844f7202b\">Tabanlar\u0131n\u0131n yanmas\u0131n\u0131n onun kaderi oldu\u011funu san\u0131yor!<\/p>\n\n\n\n<p class=\"has-black-color has-text-color has-link-color wp-elements-f27aa2f308115a216a8b7f37cc2de8a1\">\u25cf\u25cf\u25cf<\/p>\n\n\n\n<p>Bir \u00f6rnek de deniz canl\u0131lar\u0131ndan gelsin\u2026<\/p>\n\n\n\n<p>Barak\u00fcda bal\u0131\u011f\u0131yla yap\u0131lm\u0131\u015f bir deneyden\u2026<\/p>\n\n\n\n<p>Onda da sonu\u00e7 ayn\u0131\u2026<\/p>\n\n\n\n<p>Bir barak\u00fcda bal\u0131\u011f\u0131 ve uskumrular kocaman bir fanusun i\u00e7ine konuyor\u2026<\/p>\n\n\n\n<p>Aralar\u0131na da kal\u0131n bir cam yerle\u015ftiriliyor\u2026 Ki, barak\u00fcda, uskumrular\u0131 yiyemesin\u2026<\/p>\n\n\n\n<p>Uzun bir s\u00fcre a\u00e7 b\u0131rak\u0131lan barak\u00fcdan\u0131n uskumrulara sald\u0131rmas\u0131 bekleniyor\u2026<\/p>\n\n\n\n<p>Beklendi\u011fi gibi de oluyor\u2026<\/p>\n\n\n\n<p>Barak\u00fcda sald\u0131r\u0131ya ge\u00e7iyor ancak defalarca cama \u00e7arp\u0131yor\u2026<\/p>\n\n\n\n<p>\u00c7arp\u0131yor, \u00e7arp\u0131yor\u2026<\/p>\n\n\n\n<p>Ne cam\u0131 k\u0131rabiliyor ne de aradaki cam\u0131 kald\u0131r\u0131yorlar.<\/p>\n\n\n\n<p>Barak\u00fcda bir s\u00fcre sonra kendi etraf\u0131nda d\u00f6nerek y\u00fczmeye ba\u015fl\u0131yor\u2026<\/p>\n\n\n\n<p>Ba\u015fka hi\u00e7bir yere gitmiyor.<\/p>\n\n\n\n<p>\u0130lerleyen zamanlarda cam aradan al\u0131n\u0131yor\u2026<\/p>\n\n\n\n<p>O da ne?<\/p>\n\n\n\n<p>Barak\u00fcda uskumrulara yakla\u015fm\u0131yor bile\u2026<\/p>\n\n\n\n<p>Eski rotas\u0131nda d\u00f6nmeye devam ediyor\u2026<\/p>\n\n\n\n<p class=\"has-black-color has-text-color has-link-color wp-elements-320cfd12f4d0f4d1d3d2d2276b4deef8\">\u00c7abalamaya devam etse\u2026<\/p>\n\n\n\n<p class=\"has-black-color has-text-color has-link-color wp-elements-5e6d04451220699350b6151eb4e9edba\">Kendi etraf\u0131nda d\u00f6nmek yerine gezdi\u011fi alan\u0131 daha geni\u015f tutsa belki a\u00e7 kalmayacak.<\/p>\n\n\n\n<p class=\"has-black-color has-text-color has-link-color wp-elements-373303b1d2e7b35c58c6473f5c4f77de\">Ama pes ediyor ve avlamak istedi\u011fi uskumrular\u0131 kaybediyor.<\/p>\n\n\n\n<p class=\"has-black-color has-text-color has-link-color wp-elements-5a58c5831950ea89e9dfcb151c345b1b\">Kabulleniyor durumunu!<\/p>\n\n\n\n<p class=\"has-black-color has-text-color has-link-color wp-elements-f27aa2f308115a216a8b7f37cc2de8a1\">\u25cf\u25cf\u25cf<\/p>\n\n\n\n<p class=\"has-black-color has-text-color has-link-color wp-elements-ff9d73a3de7d4bf3b9af84c87d2cd67b\">\u00d6rnek \u00e7ok\u2026<\/p>\n\n\n\n<p class=\"has-black-color has-text-color has-link-color wp-elements-85bee40e42d1d73e0bc22613510cc626\">Daha fazlas\u0131na meraklan\u0131yorsan\u0131z,&nbsp;<strong>\u201ck\u0131y\u0131\u201d<\/strong>ya d\u00f6nd\u00fc\u011f\u00fcm\u00fczde&nbsp;<strong>\u201cGoogle Amca\u201d<\/strong>&nbsp;sizi bekliyor\u2026<\/p>\n\n\n\n<p class=\"has-black-color has-text-color has-link-color wp-elements-f27aa2f308115a216a8b7f37cc2de8a1\">\u25cf\u25cf\u25cf<\/p>\n\n\n\n<p class=\"has-black-color has-text-color has-link-color wp-elements-3e7c3ec5654fb1fb3d3c13649ba54212\">G\u00f6r\u00fcld\u00fc\u011f\u00fc gibi\u2026<\/p>\n\n\n\n<p class=\"has-black-color has-text-color has-link-color wp-elements-ddf3fccc649007558b99c53b4c4b4dda\"><em>\u201cNe yaparsak yapal\u0131m sonu\u00e7ta hi\u00e7bir \u015fey fark etmiyor.\u201d<\/em><\/p>\n\n\n\n<p class=\"has-black-color has-text-color has-link-color wp-elements-23b090fcbea75fd28ab4d11b6421327d\"><em>\u201cYapamayaca\u011f\u0131m.\u201d<\/em><\/p>\n\n\n\n<p class=\"has-black-color has-text-color has-link-color wp-elements-6abd837af0448c1e0f2449b903b428cc\"><em>\u201cHangi i\u015fim(iz) d\u00fczg\u00fcn gitti ki bu gitsin!\u201d<\/em>&nbsp;\u015feklinde \u00f6zetleyebilece\u011fimiz d\u00fc\u015f\u00fcnceler, bilim d\u00fcnyas\u0131n\u0131n da her zaman ilgisini \u00e7ekmi\u015f\u2026<\/p>\n\n\n\n<p class=\"has-black-color has-text-color has-link-color wp-elements-c048704ab96002efaa6a1fd9b78adb50\">Bu d\u00fc\u015f\u00fcnce tarz\u0131, psikolojinin ve sosyal psikolojinin de odakland\u0131\u011f\u0131 konulardan biri olmu\u015f\u2026<\/p>\n\n\n\n<p class=\"has-black-color has-text-color has-link-color wp-elements-0b41565542ebca3f069936676a7ffbcb\">Anlatt\u0131\u011f\u0131m\u0131z \u00f6rnekler\u2026<\/p>\n\n\n\n<p class=\"has-black-color has-text-color has-link-color wp-elements-dfeefda1d9ad324c054b4b6c026a3b86\">\u00dcnl\u00fc Rus bilim adam\u0131<strong>&nbsp;Pavlov<\/strong>\u2019un \u00e7al\u0131\u015fmalar\u0131ndan ilham alan Amerikal\u0131 Psikoloji Profes\u00f6r\u00fc&nbsp;<strong>Martin Seligman<\/strong>&nbsp;ve arkada\u015flar\u0131n\u0131n 1967 y\u0131l\u0131nda hayvanlar \u00fczerinde yapt\u0131\u011f\u0131 bir dizi deneyden sonra&nbsp;<strong>\u201c\u00f6\u011frenilmi\u015f \u00e7aresizlik\u201d&nbsp;<\/strong>ad\u0131yla kavramsalla\u015ft\u0131rd\u0131\u011f\u0131 \u00e7al\u0131\u015fman\u0131n sonu\u00e7lar\u0131n\u0131 da destekliyor.<\/p>\n\n\n\n<p class=\"has-black-color has-text-color has-link-color wp-elements-cd9842c4f4f12987c9a2296990ac5a19\">Elde edilen sonu\u00e7lar daha sonra insanlar \u00fczerinde yap\u0131lan deneylerle de, t\u00fcm organizmalara genellenebilir bir olgu haline gelmi\u015f durumda.<\/p>\n\n\n\n<p class=\"has-black-color has-text-color has-link-color wp-elements-88f8db08bc1a2b734808c2409e26e39a\"><strong>Seligman<\/strong>, teorisini \u015f\u00f6yle \u00f6zetliyor:<\/p>\n\n\n\n<p class=\"has-black-color has-text-color has-link-color wp-elements-6f6930426f641ea827cad11dc850d0f8\"><em>\u201cBir ki\u015fi ne zaman yapt\u0131\u011f\u0131 \u015feyin k\u00fc\u00e7\u00fck de olsa bir fark yaratamayaca\u011f\u0131na \u0131srarla kendini inand\u0131r\u0131rsa, kendini \u00e7aresiz hissedecek ve hi\u00e7bir \u015fey yapmamay\u0131 tercih edecektir. Bu ba\u015far\u0131s\u0131zl\u0131\u011f\u0131 k\u00f6kten kabullenme durumudur.\u201d<\/em><\/p>\n\n\n\n<p class=\"has-black-color has-text-color has-link-color wp-elements-c98c6cb7ba47e7d90a30c05bb8804cab\"><strong>\u00c7\u0131k\u0131\u015f yollar\u0131n\u0131 da g\u00f6steriyor Seligman\u2026<\/strong><\/p>\n\n\n\n<p class=\"has-black-color has-text-color has-link-color wp-elements-f67ea89c7d69e8df3152e7d006c4512e\"><strong>\u0130lki<\/strong>, durumun ba\u015fka t\u00fcrl\u00fc de olabilece\u011fini hi\u00e7 ak\u0131ldan \u00e7\u0131karmamak.<\/p>\n\n\n\n<p class=\"has-black-color has-text-color has-link-color wp-elements-86c34e60d2adca12b029d1b0695f2f00\"><strong>\u0130kincisi<\/strong>, hareket h\u00e2linde olmak ve mutlaka bir \u015feyler yapmak\u2026<\/p>\n\n\n\n<p class=\"has-black-color has-text-color has-link-color wp-elements-f27aa2f308115a216a8b7f37cc2de8a1\">\u25cf\u25cf\u25cf<\/p>\n\n\n\n<p class=\"has-black-color has-text-color has-link-color wp-elements-4483a5e8032f6d3076e3d3792ddbab7f\">Bir&nbsp;<strong>\u00fc\u00e7\u00fcnc\u00fc yard\u0131mc\u0131 yol<\/strong>&nbsp;da Polonya as\u0131ll\u0131 Amerikal\u0131 sosyal psikolog<strong>&nbsp;Solomon Asch<\/strong>\u2019ten geliyor\u2026<\/p>\n\n\n\n<p class=\"has-black-color has-text-color has-link-color wp-elements-561b4151afbeca6b96350c5702dd83de\">Sosyal psikoloji alan\u0131nda \u00e7al\u0131\u015fmalar yapan Asch, insan\u0131n karar verme s\u00fcrecinde \u00e7evresinin etkisinin ne denli \u00f6nemli oldu\u011funu anlamaya \u00e7al\u0131\u015fan bir deney ger\u00e7ekle\u015ftiriyor\u2026<\/p>\n\n\n\n<p class=\"has-black-color has-text-color has-link-color wp-elements-42fc7404308db1444109cbbf4a538f33\"><strong>\u201dUyum deneyi\u201d<\/strong>&nbsp;olarak da bilinen bu \u00e7al\u0131\u015fmada Asch, deneklere iki ayr\u0131 kart g\u00f6steriyor\u2026<\/p>\n\n\n\n<p class=\"has-black-color has-text-color has-link-color wp-elements-bebbd536d998409ecb9e940a86ede582\">Kart\u0131n birinde sadece A \u00e7izgisi var\u2026<\/p>\n\n\n\n<p class=\"has-black-color has-text-color has-link-color wp-elements-a7571f25e83f631d62907c353f11839c\">Di\u011ferinde ise A, B ve C \u015feklinde \u00fc\u00e7 farkl\u0131 boyda \u00e7izgi bulunuyor\u2026<\/p>\n\n\n\n<p class=\"has-black-color has-text-color has-link-color wp-elements-d9f9b54aba40cdb6ccafb11309aa1df7\">Deneklere birinci kart\u0131n \u00fczerindeki A \u00e7izgisinin ikinci kartta hangisi oldu\u011fu soruluyor\u2026<\/p>\n\n\n\n<p class=\"has-black-color has-text-color has-link-color wp-elements-cf1065bcb5f1051ba16c279189709eae\"><strong>Deney asl\u0131nda her zaman do\u011fru cevap verilebilecek kolayl\u0131kta tasarlanm\u0131\u015f\u2026<\/strong><\/p>\n\n\n\n<p class=\"has-black-color has-text-color has-link-color wp-elements-028993d63c5973770b7da65362981d73\">Nitekim&nbsp;<strong>tek ba\u015f\u0131nayken yanl\u0131\u015f cevap veren \u00e7\u0131km\u0131yor.<\/strong><\/p>\n\n\n\n<p class=\"has-black-color has-text-color has-link-color wp-elements-11d1f95446aa2f700cc9ef932b96de68\">Fakat denekler, kendilerine yard\u0131mc\u0131 olunaca\u011f\u0131 bilgisiyle farkl\u0131 bir grubun i\u00e7ine yerle\u015ftirilince deney gere\u011fi yanl\u0131\u015f bilgi vermek \u00fczere orada bulunan di\u011fer ki\u015filerin etkisiyle yanl\u0131\u015f cevaplar vermeye ve A yerine B \u00e7izgisini g\u00f6stermeye ba\u015fl\u0131yorlar\u2026<\/p>\n\n\n\n<p class=\"has-black-color has-text-color has-link-color wp-elements-ed9c5858965a8765ec66087834f5a3dd\">\u00d6yle ki, deneklerin d\u00f6rtte \u00fc\u00e7\u00fc kendisinden \u00f6nce cevap verenlerin y\u00f6nlendirmesiyle yanl\u0131\u015f oldu\u011funu bile bile A yerine B cevab\u0131n\u0131 veriyor\u2026<\/p>\n\n\n\n<p class=\"has-black-color has-text-color has-link-color wp-elements-4ac51f4e0374b1d76f568a183e2a1101\">Ancak ne zaman ki, grubun i\u00e7inden herhangi bir ki\u015fi;<\/p>\n\n\n\n<p class=\"has-black-color has-text-color has-link-color wp-elements-3a36575b739a8b93a9c097870422d658\"><strong>\u201cHay\u0131r karde\u015fim\u2026 Ne B\u2019si, basbaya\u011f\u0131 A i\u015fte!\u201d<\/strong>&nbsp;diyerek kararl\u0131 bir tav\u0131r sergiliyor, o anda deneklerin tavr\u0131 tamamen de\u011fi\u015fiyor\u2026<\/p>\n\n\n\n<p class=\"has-black-color has-text-color has-link-color wp-elements-3f26a86bccd5d0d9e866e5ebb2e584aa\">Ve yanl\u0131\u015f cevap verme e\u011filimi sona eriyor!<\/p>\n\n\n\n<p class=\"has-black-color has-text-color has-link-color wp-elements-f27aa2f308115a216a8b7f37cc2de8a1\">\u25cf\u25cf\u25cf<\/p>\n\n\n\n<p class=\"has-black-color has-text-color has-link-color wp-elements-86ac2cf805d3947521e5470a4222e2f4\">Pupa yelken gezip dola\u015ft\u0131k\u2026<\/p>\n\n\n\n<p class=\"has-black-color has-text-color has-link-color wp-elements-28bab99270de8a82c53df614378d9150\">\u0130yi yapmad\u0131k m\u0131?<\/p>\n\n\n\n<p class=\"has-black-color has-text-color has-link-color wp-elements-c2a5fbe6eb71984aff5c02d57de5ccaa\">Nefeslendik hi\u00e7 olmazsa\u2026<\/p>\n\n\n\n<p class=\"has-black-color has-text-color has-link-color wp-elements-37452b11339712f6ab788a3573a5192d\">F\u0131rsat bulduk\u00e7a de\u011fi\u015fik sulara yelken a\u00e7makta yarar var\u2026<\/p>\n\n\n\n<p class=\"has-black-color has-text-color has-link-color wp-elements-160286e56f7747e741a2e06a79145c37\">Yoksa rutinin i\u00e7inde&nbsp;<strong>\u201cbo\u011fuluyor\u201d<\/strong>&nbsp;insan!<\/p>\n\n\n\n<p class=\"has-black-color has-text-color has-link-color wp-elements-b2cf2a62868ceb5bd3df5f8b0f5b6d59\"><strong>Mehmet Y\u00fccel<\/strong><\/p>\n\n\n\n<p><\/p>\n","protected":false},"excerpt":{"rendered":"<p>\u201cNe yaparsak yapal\u0131m sonu\u00e7ta hi\u00e7bir \u015fey fark etmiyor.\u201d \u201cYapamayaca\u011f\u0131m.\u201d \u201cHangi i\u015fim(iz) d\u00fczg\u00fcn gitti ki bu gitsin!\u201d&nbsp;\u015feklinde \u00f6zetleyebilece\u011fimiz d\u00fc\u015f\u00fcnceler, bilim d\u00fcnyas\u0131n\u0131n her zaman ilgisini \u00e7ekmi\u015f\u2026 Arada s\u0131rada&nbsp;\u201cmemleket kara sular\u0131\u201dndan biraz uzakla\u015f\u0131p&nbsp;\u201ckafa dinlemeli\u201d&nbsp;insan\u2026 \u201cYelken\u201dleri bamba\u015fka ufuklara do\u011fru \u015fi\u015firmeli\u2026 \u201cMavinin dinginli\u011fi\u201dni \u00e7ekmeli i\u00e7ine\u2026 Var m\u0131s\u0131n\u0131z, bug\u00fcn \u00f6yle yapal\u0131m. Haydi o zaman\u2026 Demir alma vaktidir\u2026 Vira Bismillah\u2026 \u25cf\u25cf\u25cf Fillerin [&hellip;]<\/p>\n","protected":false},"author":1,"featured_media":336,"comment_status":"open","ping_status":"open","sticky":false,"template":"","format":"standard","meta":{"footnotes":""},"categories":[3],"tags":[],"_links":{"self":[{"href":"http:\/\/www.mehmetyucel.net\/index.php\/wp-json\/wp\/v2\/posts\/334"}],"collection":[{"href":"http:\/\/www.mehmetyucel.net\/index.php\/wp-json\/wp\/v2\/posts"}],"about":[{"href":"http:\/\/www.mehmetyucel.net\/index.php\/wp-json\/wp\/v2\/types\/post"}],"author":[{"embeddable":true,"href":"http:\/\/www.mehmetyucel.net\/index.php\/wp-json\/wp\/v2\/users\/1"}],"replies":[{"embeddable":true,"href":"http:\/\/www.mehmetyucel.net\/index.php\/wp-json\/wp\/v2\/comments?post=334"}],"version-history":[{"count":2,"href":"http:\/\/www.mehmetyucel.net\/index.php\/wp-json\/wp\/v2\/posts\/334\/revisions"}],"predecessor-version":[{"id":994,"href":"http:\/\/www.mehmetyucel.net\/index.php\/wp-json\/wp\/v2\/posts\/334\/revisions\/994"}],"wp:featuredmedia":[{"embeddable":true,"href":"http:\/\/www.mehmetyucel.net\/index.php\/wp-json\/wp\/v2\/media\/336"}],"wp:attachment":[{"href":"http:\/\/www.mehmetyucel.net\/index.php\/wp-json\/wp\/v2\/media?parent=334"}],"wp:term":[{"taxonomy":"category","embeddable":true,"href":"http:\/\/www.mehmetyucel.net\/index.php\/wp-json\/wp\/v2\/categories?post=334"},{"taxonomy":"post_tag","embeddable":true,"href":"http:\/\/www.mehmetyucel.net\/index.php\/wp-json\/wp\/v2\/tags?post=334"}],"curies":[{"name":"wp","href":"https:\/\/api.w.org\/{rel}","templated":true}]}}