{"id":382,"date":"2022-05-25T00:40:00","date_gmt":"2022-05-25T00:40:00","guid":{"rendered":"https:\/\/www.mehmetyucel.net\/?p=382"},"modified":"2025-08-13T09:26:16","modified_gmt":"2025-08-13T09:26:16","slug":"teknolojik-gelisme-insanligin-mutlulugunu-saglayabilecek-mi","status":"publish","type":"post","link":"http:\/\/www.mehmetyucel.net\/index.php\/2022\/05\/25\/teknolojik-gelisme-insanligin-mutlulugunu-saglayabilecek-mi\/","title":{"rendered":"Teknolojik geli\u015fme insanl\u0131\u011f\u0131n mutlulu\u011funu sa\u011flayabilecek mi?"},"content":{"rendered":"\n<h3 class=\"wp-block-heading has-black-color has-text-color has-link-color wp-elements-0e040495da602dd2b55f4cedb5939a1a\">\u201cTeknoloji geli\u015ftik\u00e7e insanl\u0131\u011f\u0131n sorunlar\u0131 da \u00e7\u00f6z\u00fclecek&#8221; iyimserli\u011fini korumak m\u00fcmk\u00fcn m\u00fc?<\/h3>\n\n\n\n<blockquote class=\"wp-block-quote\">\n<h5 class=\"wp-block-heading has-black-color has-text-color has-link-color wp-elements-8a10ece173c94ac0ccc6e9a4ed055db0\"><em>D\u00fc\u015f\u00fcnmemiz gereken \u00f6nemli sorular var:<\/em><\/h5>\n\n\n\n<h5 class=\"wp-block-heading has-black-color has-text-color has-link-color wp-elements-fdcd201934f2b9b8ea55ce73d524a68a\"><em><strong>\u25cf<\/strong>&nbsp;Teknolojik geli\u015fmelerin seyrini etkileyebilme g\u00fcc\u00fcn\u00fc \u00f6nemli \u00f6l\u00e7\u00fcde&nbsp;<strong>\u201celinde bulunduranlar\u201d<\/strong>&nbsp;nas\u0131l bir gelecek&nbsp;<strong>\u201ctasarl\u0131yor?\u201d<\/strong><\/em><\/h5>\n\n\n\n<h5 class=\"wp-block-heading has-black-color has-text-color has-link-color wp-elements-2813fe03be2eb76aeb1c25d864afad15\"><em><strong>\u25cf<\/strong>\u00a0Demokratikle\u015fmeyi dikkate almayan bir teknolojik geli\u015fim, bu i\u015fleyi\u015f bi\u00e7imiyle tek ba\u015f\u0131na yery\u00fcz\u00fcndeki geni\u015f toplum y\u0131\u011f\u0131nlar\u0131n\u0131n mutlulu\u011funu sa\u011flayabilir mi?<\/em><\/h5>\n\n\n<div class=\"wp-block-image\">\n<figure class=\"alignleft is-resized\"><img loading=\"lazy\" decoding=\"async\" width=\"609\" height=\"1000\" src=\"https:\/\/www.mehmetyucel.net\/wp-content\/uploads\/2025\/05\/Mehmet-Yucel-SON.jpg\" alt=\"\" class=\"wp-image-933\" style=\"width:153px;height:auto\" srcset=\"http:\/\/www.mehmetyucel.net\/wp-content\/uploads\/2025\/05\/Mehmet-Yucel-SON.jpg 609w, http:\/\/www.mehmetyucel.net\/wp-content\/uploads\/2025\/05\/Mehmet-Yucel-SON-183x300.jpg 183w\" sizes=\"(max-width: 609px) 100vw, 609px\" \/><\/figure><\/div><\/blockquote>\n\n\n\n<p class=\"has-black-color has-text-color has-link-color wp-elements-1c1ff0489c67c2b62d09b54c5e1d050a\">Teknolojik de\u011fi\u015fim ve geli\u015fimin h\u0131z\u0131 ba\u015f\u0131m\u0131z\u0131 d\u00f6nd\u00fcr\u00fcyor\u2026<\/p>\n\n\n\n<p class=\"has-black-color has-text-color has-link-color wp-elements-26db1f413de8cd68be0aac0cca47a86c\">Tar\u0131mdan sanayiye, \u00fcretimden t\u00fcketime her \u015feyimiz farkl\u0131la\u015f\u0131yor\u2026<\/p>\n\n\n\n<p class=\"has-black-color has-text-color has-link-color wp-elements-646120e0f60b3c06072e5b30fd5ece0e\">\u0130leti\u015fim imk\u00e2nlar\u0131n\u0131n teknolojik olarak\u00a0<strong>\u201czenginle\u015fmesi\u201d<\/strong>\u00a0bizi yan\u0131ltmas\u0131n\u2026<\/p>\n\n\n\n<p class=\"has-black-color has-text-color has-link-color wp-elements-ecee0c520232220ff7f92e6b2c953d4b\">Bu s\u00fcre\u00e7 alg\u0131lama bi\u00e7imlerimizi de derinden etkiliyor\u2026<\/p>\n\n\n\n<p class=\"has-black-color has-text-color has-link-color wp-elements-f6ad50fddf6010dc9f95bc4fd524b38c\">Toplumsal hayat\u0131n ak\u0131\u015f\u0131n\u0131 bir b\u00fct\u00fcnl\u00fck i\u00e7erisinde kavrayabilme \u015fans\u0131m\u0131z giderek&nbsp;<strong>\u201cazal\u0131yor\u2026\u201d<\/strong><\/p>\n\n\n\n<p class=\"has-black-color has-text-color has-link-color wp-elements-811b8246326000265a31129ec5e77cbb\">S\u0131radan insan\u0131n hayat\u0131 t\u0131pk\u0131 pusulas\u0131z bir gemi misali\u2026<\/p>\n\n\n\n<p class=\"has-black-color has-text-color has-link-color wp-elements-eb44a7a6a8fbb9e84562ae615de617de\">Ne tarafa bakmal\u0131?<\/p>\n\n\n\n<p class=\"has-black-color has-text-color has-link-color wp-elements-7ee9132952f1e4edb43394d7b0b8c321\">Hangi y\u00f6ne gitmeli?<\/p>\n\n\n\n<p class=\"has-black-color has-text-color has-link-color wp-elements-f27aa2f308115a216a8b7f37cc2de8a1\">\u25cf\u25cf\u25cf<\/p>\n\n\n\n<p class=\"has-black-color has-text-color has-link-color wp-elements-3f24dad67a52947f4ab0b08099471bde\">Biz\u2026<\/p>\n\n\n\n<p class=\"has-black-color has-text-color has-link-color wp-elements-7311c6c4f26bfbe9ec28c912f326e762\">Tar\u0131mdaki sorunlar\u0131m\u0131z\u0131 nas\u0131l \u00e7\u00f6zeriz?<\/p>\n\n\n\n<p class=\"has-black-color has-text-color has-link-color wp-elements-f39a9eb87f339a78cb674def1d52810b\">Sanayimizi y\u00fcksek katma de\u011ferli \u00fcr\u00fcnlerle nas\u0131l bulu\u015ftururuz?<\/p>\n\n\n\n<p class=\"has-black-color has-text-color has-link-color wp-elements-c941022192813a009c5b7bd1ff9fc97a\">\u0130hracat\u0131m\u0131z\u0131 art\u0131rarak nas\u0131l d\u0131\u015f ticaret fazlas\u0131 verir hale geliriz?<\/p>\n\n\n\n<p class=\"has-black-color has-text-color has-link-color wp-elements-1f740fa7a6e3c86c103e01d0d8b1a4bc\">Orta gelir tuza\u011f\u0131ndan kurtulmaktan vaz ge\u00e7tik, var olan gelirimizi korumay\u0131 nas\u0131l ba\u015farabiliriz, gibi sorulara cevap ararken, yar\u0131n\u0131n d\u00fcnyas\u0131 bamba\u015fka kavramlarla \u015fekilleniyor\u2026<\/p>\n\n\n\n<p class=\"has-black-color has-text-color has-link-color wp-elements-6cac61d00c2194971bcae082bc0e465e\">End\u00fcstri 4.0\u2026<\/p>\n\n\n\n<p class=\"has-black-color has-text-color has-link-color wp-elements-105b42073f9ab32a43987575b68d5f83\">Yapay zek\u00e2\u2026<\/p>\n\n\n\n<p class=\"has-black-color has-text-color has-link-color wp-elements-24373b02cc6a0630842f492ef91ab2ef\">Nesnelerin interneti\u2026<\/p>\n\n\n\n<p class=\"has-black-color has-text-color has-link-color wp-elements-6395f2b8d0e544e08d1d0b9e1d988310\">\u0130nsanla yapay zek\u00e2n\u0131n ortak ya\u015fam\u0131!<\/p>\n\n\n\n<p class=\"has-black-color has-text-color has-link-color wp-elements-29c6d288a21a8b8e06bd589a7b6e6b46\">Biyoteknoloji\u2026<\/p>\n\n\n\n<p class=\"has-black-color has-text-color has-link-color wp-elements-65d62dac21df49335d8f9956dd316327\">Nanoteknoloji\u2026<\/p>\n\n\n\n<p class=\"has-black-color has-text-color has-link-color wp-elements-93b314f375799c3ae395b7ec4d59daf7\">Hen\u00fcz, \u00fcretimin otomasyonunu daha y\u00fcksek bir d\u00fczeye ta\u015f\u0131yan elektronik ve bilgi teknolojilerinin kullan\u0131m\u0131n\u0131 ifade eden End\u00fcstri 3.0\u2019\u0131n gereklerini bile tam anlam\u0131yla yerine getirememi\u015fken kar\u015f\u0131 kar\u015f\u0131ya kald\u0131\u011f\u0131m\u0131z realite bu.<\/p>\n\n\n\n<p class=\"has-black-color has-text-color has-link-color wp-elements-f27aa2f308115a216a8b7f37cc2de8a1\">\u25cf\u25cf\u25cf<\/p>\n\n\n\n<p class=\"has-black-color has-text-color has-link-color wp-elements-5dc3b4f26d3fe157f996041441efdba4\">Peki\u2026<\/p>\n\n\n\n<p class=\"has-black-color has-text-color has-link-color wp-elements-4bf408bf0c61176da1f783e67e5c75ae\">D\u00fcnya bu noktaya nas\u0131l geldi?<\/p>\n\n\n\n<p class=\"has-black-color has-text-color has-link-color wp-elements-0996b50120717dd59ed9a0f6e6266901\">\u0130nsan evl\u00e2d\u0131n\u0131n kara ka\u015f\u0131na, kara g\u00f6z\u00fcne hayranl\u0131ktan de\u011fil elbette!<\/p>\n\n\n\n<p class=\"has-black-color has-text-color has-link-color wp-elements-1e1a18dfcf050a1dd3a4d3284ebb52a8\">1980\u2019lerden itibaren b\u00fcy\u00fck bir ivme kazanan&nbsp;<strong>\u201ck\u00fcreselle\u015fme\u201d<\/strong>yle, \u00fcretim, ba\u015fta \u00c7in olmak \u00fczere eme\u011fin ucuz oldu\u011fu, vergi avantajlar\u0131yla cazip k\u0131l\u0131nan Uzak Do\u011fu \u00fclkelerine y\u00f6nlendirildi\u2026<\/p>\n\n\n\n<p class=\"has-black-color has-text-color has-link-color wp-elements-dcffacc36d46e9badba6d625b9eb5e24\">Ba\u015flang\u0131\u00e7ta&nbsp;<strong>\u201ckeyifli\u201d&nbsp;<\/strong>olan s\u00fcre\u00e7,&nbsp;<strong>\u201cucuz eme\u011fi tepe tepe kullan\u0131lan \u00fclkeler\u201d<\/strong>in kendi markalar\u0131yla y\u00fcksek katma de\u011ferli \u00fcr\u00fcnler \u00fcreterek&nbsp;<strong>\u201cefendiler\u201d<\/strong>e kafa tutmaya ba\u015flamas\u0131yla&nbsp;<strong>\u201ctats\u0131zla\u015ft\u0131!\u201d<\/strong><\/p>\n\n\n\n<p class=\"has-black-color has-text-color has-link-color wp-elements-fe5d5d5a620a182de8b4552693e20a22\">Bat\u0131\u2019n\u0131n pabucunun dama at\u0131lmak \u00fczere oldu\u011funu ilk fark eden Alman H\u00fck\u00fcmeti, 2011 Hannover Fuar\u0131\u2019nda,&nbsp;<strong>End\u00fcstri 4.0<\/strong>&nbsp;kavram\u0131n\u0131 g\u00fcndeme getirdi.<\/p>\n\n\n\n<p class=\"has-black-color has-text-color has-link-color wp-elements-b483b8d98b2b9931c5398116b8d44783\">Bu \u00e7er\u00e7evede\u2026<\/p>\n\n\n\n<p class=\"has-black-color has-text-color has-link-color wp-elements-e3172c06c59b1f13c676c7857fdc9f95\">\u00dcretimde dijitalle\u015fmenin zirveye \u00e7\u0131kar\u0131lmas\u0131\u2026<\/p>\n\n\n\n<p class=\"has-black-color has-text-color has-link-color wp-elements-fa027cb85a7293e8158348e70c3f2536\">\u0130nsan eme\u011fine ba\u011f\u0131ml\u0131l\u0131\u011f\u0131n minimuma indirilmesi\u2026<\/p>\n\n\n\n<p class=\"has-black-color has-text-color has-link-color wp-elements-9a77e79aca66898ea0c59cf4ba055932\">Bu yolla hata oranlar\u0131n\u0131n s\u0131f\u0131rlanmas\u0131n\u0131 ve h\u0131z kazan\u0131lmas\u0131\u2026<\/p>\n\n\n\n<p class=\"has-black-color has-text-color has-link-color wp-elements-c887d3268fd5d7f0531b494d584ebdee\">Yani\u2026<\/p>\n\n\n\n<p class=\"has-black-color has-text-color has-link-color wp-elements-52c73a02c847417fb5f32c0fe2a32905\">Olabildi\u011fince&nbsp;<strong>insans\u0131z \u00fcretim&nbsp;<\/strong>hedefleniyordu\u2026<\/p>\n\n\n\n<p class=\"has-black-color has-text-color has-link-color wp-elements-f27aa2f308115a216a8b7f37cc2de8a1\">\u25cf\u25cf\u25cf<\/p>\n\n\n\n<p class=\"has-black-color has-text-color has-link-color wp-elements-b9639e55d5d233f4832015b0eac95e1b\">B\u00f6ylesi bir tablo kar\u015f\u0131s\u0131nda&nbsp;<strong>\u201c<a href=\"https:\/\/www.gastetech.com\/\" target=\"_blank\" rel=\"noreferrer noopener\">teknoloji<\/a>&nbsp;geli\u015ftik\u00e7e insanl\u0131\u011f\u0131n sorunlar\u0131 da \u00e7\u00f6z\u00fclecek\u201d&nbsp;<\/strong>iyimserli\u011fini korumak m\u00fcmk\u00fcn m\u00fc?<\/p>\n\n\n\n<p class=\"has-black-color has-text-color has-link-color wp-elements-3892d047ef7410a71de387b445f6149e\"><strong>Thorstein Veblen<\/strong>\u2019in ta 1890\u2019larda dile getirdi\u011fi&nbsp;<strong>\u201ctoplumsal geli\u015fmelerin teknolojinin kendisindeki geli\u015fmelerle sa\u011flanabilece\u011fi\u201d<\/strong>ne dair yanl\u0131\u015f \u00f6ng\u00f6r\u00fcs\u00fcn\u00fcn pe\u015fine tak\u0131labilir miyiz h\u00e2l\u00e2?<\/p>\n\n\n\n<p class=\"has-black-color has-text-color has-link-color wp-elements-edd06fc0558f0986f57a7a361df995aa\">Hele\u2026<\/p>\n\n\n\n<p class=\"has-black-color has-text-color has-link-color wp-elements-7de371ecb7b0f1478ef850bca1243af2\">D\u00fcnyan\u0131n pek \u00e7ok yerinde g\u00fcnden g\u00fcne kabul edilemez noktaya do\u011fru yol alan gelir da\u011f\u0131l\u0131m\u0131ndaki vah\u015fi e\u015fitsizli\u011fi\u2026<\/p>\n\n\n\n<p class=\"has-black-color has-text-color has-link-color wp-elements-6c69365e43c11e86d79799caf3e39abc\">Ve sorunlara ili\u015fkin&nbsp;<strong>s\u00f6z hakk\u0131 e\u015fitsizli\u011fi<\/strong>ni de d\u00fc\u015f\u00fcn\u00fcnce!<\/p>\n\n\n\n<p class=\"has-black-color has-text-color has-link-color wp-elements-6308124aef9d3b2f8b119f60110bbb84\">Gelir da\u011f\u0131l\u0131m\u0131ndaki vah\u015fi e\u015fitsizlik demi\u015fken\u2026<\/p>\n\n\n\n<p class=\"has-black-color has-text-color has-link-color wp-elements-dcdc1709faa351bb952694e1c9424ba4\">\u0130ngiliz insani yard\u0131m kurulu\u015fu&nbsp;<a href=\"https:\/\/www.oxfam.org\/\" target=\"_blank\" rel=\"noreferrer noopener\"><strong>Oxfam<\/strong><\/a>\u2018\u0131n 2019 y\u0131l\u0131 itibar\u0131yla a\u00e7\u0131klad\u0131\u011f\u0131 rapordaki \u015fu verilere g\u00f6z atal\u0131m:<\/p>\n\n\n\n<p class=\"has-black-color has-text-color has-link-color wp-elements-b531a1cfe6da6b73f2610ef2d0253290\">\u201cD\u00fcnya genelindeki en zengin 2 bin 153 ki\u015finin serveti, en yoksul 4.6 milyar ki\u015finin toplam servetini ge\u00e7ti. Bu, milyarderlerin d\u00fcnya n\u00fcfusunun y\u00fczde 60\u2019\u0131ndan daha zengin oldu\u011fu anlam\u0131na geliyor.\u201d<\/p>\n\n\n\n<p class=\"has-black-color has-text-color has-link-color wp-elements-01a102b4aa7b70de42fe91d9b6902ce6\">Bu tabloya bakt\u0131\u011f\u0131m\u0131zda d\u00fc\u015f\u00fcnmemiz gereken \u00f6nemli sorular var:<\/p>\n\n\n\n<p class=\"has-black-color has-text-color has-link-color wp-elements-74b95961a314f9af92b4cb0cea05beee\">\u25cf&nbsp;Teknolojik geli\u015fmelerin seyrini etkileyebilme g\u00fcc\u00fcn\u00fc \u00f6nemli \u00f6l\u00e7\u00fcde&nbsp;<strong>\u201celinde bulunduranlar\u201d<\/strong>&nbsp;nas\u0131l bir gelecek&nbsp;<strong>\u201ctasarl\u0131yor?\u201d<\/strong><\/p>\n\n\n\n<p class=\"has-black-color has-text-color has-link-color wp-elements-fc9a5548970baa22ba7d7b8f2c0d56f7\">\u25cf&nbsp;Demokratikle\u015fmeyi dikkate almayan bir teknolojik geli\u015fim, bu i\u015fleyi\u015f bi\u00e7imiyle tek ba\u015f\u0131na yery\u00fcz\u00fcndeki geni\u015f toplum y\u0131\u011f\u0131nlar\u0131n\u0131n mutlulu\u011funu sa\u011flayabilir mi?<\/p>\n\n\n\n<p class=\"has-black-color has-text-color has-link-color wp-elements-f27aa2f308115a216a8b7f37cc2de8a1\">\u25cf\u25cf\u25cf<\/p>\n\n\n\n<p class=\"has-black-color has-text-color has-link-color wp-elements-5741a815b9b909cfe7f5651213049185\">Kar\u015f\u0131m\u0131zdaki tabloyu b\u00fct\u00fcn boyutlar\u0131yla de\u011ferlendirebilmek ve bu sorulara doyurucu cevaplar verebilmek kolay i\u015f de\u011fil\u2026<\/p>\n\n\n\n<p class=\"has-black-color has-text-color has-link-color wp-elements-c3b16e80b6db56055fcbdda48c147ec5\">Ama ba\u015fka yol da yok.<\/p>\n\n\n\n<p class=\"has-black-color has-text-color has-link-color wp-elements-3401642ac9d0af19c2f2823fc59b72eb\">E\u011fitimle\u2026<\/p>\n\n\n\n<p class=\"has-black-color has-text-color has-link-color wp-elements-82f7da1fd32826287c2f2341e01cf9ec\">Azimle\u2026<\/p>\n\n\n\n<p class=\"has-black-color has-text-color has-link-color wp-elements-1245a7f4d4c647fa1c7a8d6c3a8156eb\">Dikkatle\u2026<\/p>\n\n\n\n<p class=\"has-black-color has-text-color has-link-color wp-elements-8dc260165081645e5c42c445052bce69\">\u00c7al\u0131\u015farak\u2026<\/p>\n\n\n\n<p class=\"has-black-color has-text-color has-link-color wp-elements-e648a718fd4b4f4170d68776720d38f5\">Daha \u00e7ok \u00e7al\u0131\u015farak anlayaca\u011f\u0131z!<\/p>\n\n\n\n<p class=\"has-black-color has-text-color has-link-color wp-elements-0b44204f350dcfe23f1d2cf7a094e0f9\">Ge\u00e7mi\u015fteki gibi \u201c<strong>herkes kendi so\u011fan\u0131n\u0131, patatesini kendi eksin\u201d&nbsp;<\/strong>diyemeyece\u011fimize g\u00f6re\u2026<\/p>\n\n\n\n<p class=\"has-black-color has-text-color has-link-color wp-elements-84dde383ba5d637dfbf80c3e8c4dce0d\">Bir yandan ya\u015fad\u0131\u011f\u0131m\u0131z g\u00fcn\u00fcn gereklerine h\u0131zla&nbsp;<strong>\u201cuyum sa\u011flayaca\u011f\u0131z\u2026\u201d<\/strong><\/p>\n\n\n\n<p class=\"has-black-color has-text-color has-link-color wp-elements-5a09fd714617b65ae5910926e81e448b\">Bir yandan da art\u0131k ne kadar kalabildiyse&nbsp;<strong>\u201cinsan kalan yan\u0131m\u0131zla\u201d<\/strong>&nbsp;bu konulara kafa yoraca\u011f\u0131z\u2026<\/p>\n\n\n\n<p class=\"has-black-color has-text-color has-link-color wp-elements-7a8080132df869da28604931285f3e2c\">Bir an \u00f6nce\u2026<\/p>\n\n\n\n<p class=\"has-black-color has-text-color has-link-color wp-elements-6501b3564ac83d3e819b41cc8274229a\">Ve hep birlikte.<\/p>\n\n\n\n<p><strong>Mehmet Y\u00fccel<\/strong><\/p>\n\n\n\n<p><em><strong>&nbsp;<\/strong><strong>(*)<\/strong>&nbsp;Bu yaz\u0131 i\u00e7in, Prof. Dr. \u00dcnsal Oskay\u2019\u0131n&nbsp;<strong>\u201cKitle \u0130leti\u015fiminin K\u00fclt\u00fcrel \u0130\u015flevleri\u201d<\/strong>&nbsp;ve Dr. Mahfi E\u011filmez\u2019in&nbsp;<strong>\u201cD\u00fcnya Ekonomisi\u201d<\/strong>&nbsp;kitaplar\u0131ndan yararland\u0131m.&nbsp;<\/em><\/p>\n","protected":false},"excerpt":{"rendered":"<p>\u201cTeknoloji geli\u015ftik\u00e7e insanl\u0131\u011f\u0131n sorunlar\u0131 da \u00e7\u00f6z\u00fclecek&#8221; iyimserli\u011fini korumak m\u00fcmk\u00fcn m\u00fc? Teknolojik de\u011fi\u015fim ve geli\u015fimin h\u0131z\u0131 ba\u015f\u0131m\u0131z\u0131 d\u00f6nd\u00fcr\u00fcyor\u2026 Tar\u0131mdan sanayiye, \u00fcretimden t\u00fcketime her \u015feyimiz farkl\u0131la\u015f\u0131yor\u2026 \u0130leti\u015fim imk\u00e2nlar\u0131n\u0131n teknolojik olarak\u00a0\u201czenginle\u015fmesi\u201d\u00a0bizi yan\u0131ltmas\u0131n\u2026 Bu s\u00fcre\u00e7 alg\u0131lama bi\u00e7imlerimizi de derinden etkiliyor\u2026 Toplumsal hayat\u0131n ak\u0131\u015f\u0131n\u0131 bir b\u00fct\u00fcnl\u00fck i\u00e7erisinde kavrayabilme \u015fans\u0131m\u0131z giderek&nbsp;\u201cazal\u0131yor\u2026\u201d S\u0131radan insan\u0131n hayat\u0131 t\u0131pk\u0131 pusulas\u0131z bir gemi misali\u2026 Ne tarafa [&hellip;]<\/p>\n","protected":false},"author":1,"featured_media":383,"comment_status":"open","ping_status":"open","sticky":false,"template":"","format":"standard","meta":{"footnotes":""},"categories":[3],"tags":[],"_links":{"self":[{"href":"http:\/\/www.mehmetyucel.net\/index.php\/wp-json\/wp\/v2\/posts\/382"}],"collection":[{"href":"http:\/\/www.mehmetyucel.net\/index.php\/wp-json\/wp\/v2\/posts"}],"about":[{"href":"http:\/\/www.mehmetyucel.net\/index.php\/wp-json\/wp\/v2\/types\/post"}],"author":[{"embeddable":true,"href":"http:\/\/www.mehmetyucel.net\/index.php\/wp-json\/wp\/v2\/users\/1"}],"replies":[{"embeddable":true,"href":"http:\/\/www.mehmetyucel.net\/index.php\/wp-json\/wp\/v2\/comments?post=382"}],"version-history":[{"count":4,"href":"http:\/\/www.mehmetyucel.net\/index.php\/wp-json\/wp\/v2\/posts\/382\/revisions"}],"predecessor-version":[{"id":967,"href":"http:\/\/www.mehmetyucel.net\/index.php\/wp-json\/wp\/v2\/posts\/382\/revisions\/967"}],"wp:featuredmedia":[{"embeddable":true,"href":"http:\/\/www.mehmetyucel.net\/index.php\/wp-json\/wp\/v2\/media\/383"}],"wp:attachment":[{"href":"http:\/\/www.mehmetyucel.net\/index.php\/wp-json\/wp\/v2\/media?parent=382"}],"wp:term":[{"taxonomy":"category","embeddable":true,"href":"http:\/\/www.mehmetyucel.net\/index.php\/wp-json\/wp\/v2\/categories?post=382"},{"taxonomy":"post_tag","embeddable":true,"href":"http:\/\/www.mehmetyucel.net\/index.php\/wp-json\/wp\/v2\/tags?post=382"}],"curies":[{"name":"wp","href":"https:\/\/api.w.org\/{rel}","templated":true}]}}