{"id":387,"date":"2022-05-23T00:38:00","date_gmt":"2022-05-23T00:38:00","guid":{"rendered":"https:\/\/www.mehmetyucel.net\/?p=387"},"modified":"2025-08-15T11:26:08","modified_gmt":"2025-08-15T11:26:08","slug":"otomobil-ucar-gider","status":"publish","type":"post","link":"http:\/\/www.mehmetyucel.net\/index.php\/2022\/05\/23\/otomobil-ucar-gider\/","title":{"rendered":"\u201cOtomobil u\u00e7ar gider\u2026\u201d"},"content":{"rendered":"\n<blockquote class=\"wp-block-quote\">\n<h3 class=\"wp-block-heading\">Tesla\u2019n\u0131n ge\u00e7en y\u0131l yapt\u0131\u011f\u0131 patent ba\u015fvurusundaki bilgiler son derece \u015fa\u015f\u0131rt\u0131c\u0131\u2026 Ba\u015fvuru, \u00fcretecekleri elektrikli ara\u00e7lar\u0131n menzilini 1.6 milyon km\u2019ye \u00e7\u0131kartmay\u0131 \u00f6ng\u00f6r\u00fcyor.<\/h3>\n\n\n\n<h3 class=\"wp-block-heading\">Otomobil teknolojisinde nas\u0131l bir d\u00fcnya ile kar\u015f\u0131 kar\u015f\u0131ya oldu\u011fumuzu anlatmak i\u00e7in bundan daha somut bir veri bulamay\u0131z herhalde.<\/h3>\n\n\n\n<p><\/p>\n<\/blockquote>\n\n\n<div class=\"wp-block-image\">\n<figure class=\"alignleft is-resized\"><img loading=\"lazy\" decoding=\"async\" width=\"609\" height=\"1000\" src=\"https:\/\/www.mehmetyucel.net\/wp-content\/uploads\/2025\/05\/Mehmet-Yucel-SON.jpg\" alt=\"\" class=\"wp-image-933\" style=\"width:145px;height:auto\" srcset=\"http:\/\/www.mehmetyucel.net\/wp-content\/uploads\/2025\/05\/Mehmet-Yucel-SON.jpg 609w, http:\/\/www.mehmetyucel.net\/wp-content\/uploads\/2025\/05\/Mehmet-Yucel-SON-183x300.jpg 183w\" sizes=\"(max-width: 609px) 100vw, 609px\" \/><\/figure><\/div>\n\n\n<p class=\"has-black-color has-text-color has-link-color wp-elements-53ec85cff20f18390a2507a85e6502e8\">G\u00fcftesi Vecdi Bing\u00f6l\u2019e\u2026<\/p>\n\n\n\n<p class=\"has-black-color has-text-color has-link-color wp-elements-63f922c73bf58089b3ef69688cf9cdff\">Bestesi M\u00fcnir Nurettin Sel\u00e7uk\u2019a ait\u2026<\/p>\n\n\n\n<p class=\"has-black-color has-text-color has-link-color wp-elements-c3abcbfe913d4b9cbea62e06587a7dfa\">Mahur \u015fark\u0131\u2026<\/p>\n\n\n\n<p class=\"has-black-color has-text-color has-link-color wp-elements-8eceaa1859340e128a3fdc6701cfdb49\"><em>\u201cOtomobil u\u00e7ar gider<\/em><em><br>\u00d6mr\u00fcm gibi ge\u00e7er gider<br>Ben t\u00e2lihin pe\u015findeyim<br>T\u00e2lih benden ka\u00e7ar gider<br>Y\u00e2r y\u00e2r g\u00fczel yolcu g\u00fcle g\u00fcle<\/em><\/p>\n\n\n\n<p class=\"has-black-color has-text-color has-link-color wp-elements-1f731d3215a13bb643f16bc0ff7e1d29\"><em>Otomobil tuttu yolu<\/em><em><br>Bu yolda m\u00e2cera dolu<br>Direksiyon y\u00e2r elinde<br>G\u00f6nl\u00fcm ard\u0131na ko\u015fulu<br>Y\u00e2r y\u00e2r g\u00fczel yolcu g\u00fcle g\u00fcle\u201d<\/em><\/p>\n\n\n\n<p class=\"has-black-color has-text-color has-link-color wp-elements-64b294a23ea57d1a10a27d4f788eab6b\">T\u00fcrk M\u00fczi\u011fi\u2019nin klasiklerindendir\u2026<\/p>\n\n\n\n<p class=\"has-black-color has-text-color has-link-color wp-elements-6ea38f176a1c2831dda3181eaebbef25\">Hele bir de\u2026<\/p>\n\n\n\n<p class=\"has-black-color has-text-color has-link-color wp-elements-b52fd7ac299140637dbfc04e9f4dde76\"><strong>Nesrin Sipahi<\/strong>\u2018nin sesinden dinliyorsan\u0131z tad\u0131na doyulmaz\u2026 (1)<\/p>\n\n\n\n<p class=\"has-black-color has-text-color has-link-color wp-elements-f27aa2f308115a216a8b7f37cc2de8a1\">\u25cf\u25cf\u25cf<\/p>\n\n\n\n<p class=\"has-black-color has-text-color has-link-color wp-elements-1dff8996d3ae2e87070bbe14ec71956d\">\u015eark\u0131\u2026<\/p>\n\n\n\n<p class=\"has-black-color has-text-color has-link-color wp-elements-705ef29206cfd30db5c092529caea444\">Yaz\u0131y\u0131 okurken k\u0131s\u0131k bir tonda kendince \u00e7al\u0131p dursun arka planda\u2026<\/p>\n\n\n\n<p class=\"has-black-color has-text-color has-link-color wp-elements-7a67e649211ad62ba67fa3701aff92c6\">Akl\u0131m\u0131z yar\u0131 ondayken biz&nbsp;<strong>\u201cba\u015fka bir boyut\u201d<\/strong>a ge\u00e7elim\u2026<\/p>\n\n\n\n<p class=\"has-black-color has-text-color has-link-color wp-elements-f27aa2f308115a216a8b7f37cc2de8a1\">\u25cf\u25cf\u25cf<\/p>\n\n\n\n<p class=\"has-black-color has-text-color has-link-color wp-elements-c6335158d0fe9497b2c00ad68d64d0f3\"><strong>\u201cOtomobil\u201d<\/strong>&nbsp;s\u00f6zc\u00fc\u011f\u00fcnde d\u00fc\u011f\u00fcmlenen bir sanayile\u015fme ser\u00fcvenimiz oldu hep.<\/p>\n\n\n\n<p class=\"has-black-color has-text-color has-link-color wp-elements-aef2444d9241a9bf4321b892cc8eab6f\">Ne zaman ad\u0131n\u0131 ansak, bir yan\u0131m\u0131z sanc\u0131land\u0131.<\/p>\n\n\n\n<p class=\"has-black-color has-text-color has-link-color wp-elements-54dcc17cf53a572c167763cdf5114513\">Y\u0131llar\u0131m\u0131z\u2026<\/p>\n\n\n\n<p class=\"has-black-color has-text-color has-link-color wp-elements-52f5baee6eb57d31833444fc3aea115a\"><strong>\u201cYapt\u0131k ama yapt\u0131rmad\u0131lar\u2026\u201d<\/strong><\/p>\n\n\n\n<p class=\"has-black-color has-text-color has-link-color wp-elements-f065207fc481f287e22125057f9cd3ff\"><strong>\u201c\u00dcrettik ama \u00fcrettirmediler\u2026\u201d<\/strong>&nbsp;mealindeki konu\u015fmalarla heba oldu gitti.<\/p>\n\n\n\n<p class=\"has-black-color has-text-color has-link-color wp-elements-f19f0613b3588312c23bd4dd15672b54\">Nas\u0131l olmas\u0131n?<\/p>\n\n\n\n<p class=\"has-black-color has-text-color has-link-color wp-elements-f3f647c5ad6336d94bba1decf2cb0792\">Otomobil bir yana\u2026<\/p>\n\n\n\n<p class=\"has-black-color has-text-color has-link-color wp-elements-d4ba208c4af450b16fd03787a6add6f2\">Vecihi H\u00fcrku\u015f\u2019un, Nuri Demira\u011f\u2019\u0131n u\u00e7ak \u00fcretimine y\u00f6nelik \u00e7abalar\u0131n\u0131 hat\u0131rlay\u0131n\u2026 (2)<\/p>\n\n\n\n<p class=\"has-black-color has-text-color has-link-color wp-elements-b836822735455f1f2d40891a90b4c452\">1930\u2019lu, 40\u2019l\u0131 y\u0131llarda kendi u\u00e7a\u011f\u0131n\u0131 yapabilen \u00fclkemizi d\u00fc\u015f\u00fcn\u00fcn\u2026<\/p>\n\n\n\n<p class=\"has-black-color has-text-color has-link-color wp-elements-c9b066c6124b352ee97c45f27834217d\">O y\u0131llarda esen r\u00fczg\u00e2r\u0131 hayalinizde \u015f\u00f6yle bir canland\u0131r\u0131n\u2026<\/p>\n\n\n\n<p class=\"has-black-color has-text-color has-link-color wp-elements-fcb7bb2f89a7ced7ea3d53d581ebd607\">Sonra\u2026<\/p>\n\n\n\n<p class=\"has-black-color has-text-color has-link-color wp-elements-8faca99d0022a36e0d27e555742e7097\">1938\u2019de Nuri Demira\u011f\u2019\u0131 destekleyen bir hava m\u00fcste\u015far\u0131n\u0131n\u2026<\/p>\n\n\n\n<p class=\"has-black-color has-text-color has-link-color wp-elements-d97361f90370e749d2912ac8b0876585\">1948\u2019de:<\/p>\n\n\n\n<p class=\"has-black-color has-text-color has-link-color wp-elements-039d8453e00738cd43ed839cfb7d8d2f\"><em>\u201cSize parayla sipari\u015f vermem zira Amerikal\u0131lar bedava u\u00e7ak ve motoru veriyor. Bu millet sonra beni asar.\u201d&nbsp;<\/em>c\u00fcmlelerini sarf etmeye evrili\u015finin dinamiklerine kafa yorun\u2026 (3)<\/p>\n\n\n\n<p class=\"has-black-color has-text-color has-link-color wp-elements-2390996310410d005f82a23c1a12ba9c\">Yine\u2026<\/p>\n\n\n<div class=\"wp-block-image\">\n<figure class=\"alignright\"><img decoding=\"async\" src=\"https:\/\/www.gastetech.com\/wp-content\/uploads\/2021\/02\/THK-5A_3-300x182.jpg\" alt=\"\" class=\"wp-image-507\"\/><\/figure><\/div>\n\n\n<p class=\"has-black-color has-text-color has-link-color wp-elements-6c8a32f7a53c07c425d04334ec63379d\">Kendi m\u00fchendisimizin, teknisyenimizin emekleriyle yap\u0131l\u0131p 1950 y\u0131l\u0131nda Danimarka\u2019ya satt\u0131\u011f\u0131m\u0131z THK-5A ambulans u\u00e7a\u011f\u0131m\u0131z\u0131\u2026<\/p>\n\n\n\n<p class=\"has-black-color has-text-color has-link-color wp-elements-166b88772709df6916b9da6a34d1e5e2\">Ve o u\u00e7a\u011f\u0131n 1961 y\u0131l\u0131na dek u\u00e7maya devam etti\u011fi ger\u00e7e\u011fini hay\u0131flanarak y\u00e2d edin\u2026<\/p>\n\n\n\n<p class=\"has-black-color has-text-color has-link-color wp-elements-89696b8d9db9240d39560dd1e3791e95\">\u00dcst\u00fcne bir de\u2026<\/p>\n\n\n\n<p class=\"has-black-color has-text-color has-link-color wp-elements-068b51c672e569af26aeef6ff075a608\">Deposuna yak\u0131t konulmayarak&nbsp;<strong>\u201citibar suikast\u0131\u201d<\/strong>na maruz b\u0131rak\u0131lan\u2026<\/p>\n\n\n\n<p class=\"has-black-color has-text-color has-link-color wp-elements-f1cf0a5f7f134cc8cff337ee5bdc1498\"><strong>\u201cDevrim\u201d<\/strong>&nbsp;otomobili deneyimimizi ekleyin\u2026<\/p>\n\n\n\n<p class=\"has-black-color has-text-color has-link-color wp-elements-fcb7bb2f89a7ced7ea3d53d581ebd607\">Sonra\u2026<\/p>\n\n\n\n<p class=\"has-black-color has-text-color has-link-color wp-elements-18cc06868021d5edce9934ee1bfd057c\">Nas\u0131l bir&nbsp;<strong>\u201cnefes kesici\u201d<\/strong>&nbsp;maceraya s\u00fcr\u00fcklendi\u011fimizin boyutlar\u0131n\u0131 hesaplay\u0131n!<\/p>\n\n\n\n<p class=\"has-black-color has-text-color has-link-color wp-elements-f27aa2f308115a216a8b7f37cc2de8a1\">\u25cf\u25cf\u25cf<\/p>\n\n\n\n<p class=\"has-black-color has-text-color has-link-color wp-elements-ed9367264aabd8e0b4294d80d88cb8ba\">Buraya kadar anlatt\u0131klar\u0131m\u0131z, k\u0131sa bir<strong>&nbsp;\u201carka plan \u00f6zeti\u2026\u201d<\/strong><\/p>\n\n\n\n<p class=\"has-black-color has-text-color has-link-color wp-elements-893fe0d9f81c6db3c7dd3c04fbb60302\">Bunun \u0131\u015f\u0131\u011f\u0131nda gelelim ana konumuza\u2026<\/p>\n\n\n\n<p class=\"has-black-color has-text-color has-link-color wp-elements-076e7e39d69040d3d0230a90d1d7a02c\">G\u00fcndemimizde epeydir T\u00fcrkiye Otomobil Giri\u015fim Grubu\u2019nun (TOGG) y\u00fcr\u00fctt\u00fc\u011f\u00fc&nbsp;<strong><a href=\"https:\/\/www.gastetech.com\/otomobil-ucar-gider-mehmet-yucel\/\" target=\"_blank\" rel=\"noreferrer noopener\">\u201cT\u00fcrkiye\u2019nin otomobili\u201d<\/a><\/strong>&nbsp;konusu var.<\/p>\n\n\n\n<p class=\"has-black-color has-text-color has-link-color wp-elements-0e8b2b03a154ce93f0644506ebc705db\">\u00dclke olarak<strong>&nbsp;\u201cd\u00fc\u011f\u00fcm\u00fc\u201d<\/strong>&nbsp;\u00e7\u00f6zebilecek,&nbsp;<strong>\u201csanc\u0131m\u0131z\u201d<\/strong>\u0131 dindirebilecek miyiz?<\/p>\n\n\n\n<p class=\"has-black-color has-text-color has-link-color wp-elements-c51a502aaa3fdf6fbd89c41a3e1f2fa9\">Bu soruya ili\u015fkin tart\u0131\u015fmalar genellikle h\u00e2l\u00e2&nbsp;<strong>\u201csiyaset ekseni\u201d<\/strong>nde s\u00fcrd\u00fcr\u00fcl\u00fcyor\u2026<\/p>\n\n\n\n<p class=\"has-black-color has-text-color has-link-color wp-elements-608bf28a9e707dff38f538c2602a2d8c\">\u0130\u015fin o taraf\u0131na hi\u00e7 girmeyece\u011fiz.<\/p>\n\n\n\n<p class=\"has-black-color has-text-color has-link-color wp-elements-9c20eab4d7c5115aab0cf95f734b51df\">Zira, yol almaya niyetleniyorsak ilk yapaca\u011f\u0131m\u0131z \u015fey ad\u0131m atmaya ba\u015flamak!<\/p>\n\n\n\n<p class=\"has-black-color has-text-color has-link-color wp-elements-bf36f12988ab644d4e1f87e20639fd66\">O nedenle t\u00fcm\u00fcyle teknolojik bir perspektiften bakmaya \u00e7al\u0131\u015faca\u011f\u0131z\u2026<\/p>\n\n\n\n<p class=\"has-black-color has-text-color has-link-color wp-elements-07bce365470858e163802e5e37fa3a1a\">Biliyorsunuz, otomobil \u00fcretimi konusu alt\u0131, yedi y\u0131l \u00f6nce de dillendiriliyordu\u2026<\/p>\n\n\n\n<p class=\"has-black-color has-text-color has-link-color wp-elements-f6bb6967776efb18c581f58669049b7e\">Verilmi\u015f sadakam\u0131z varm\u0131\u015f\u2026<\/p>\n\n\n\n<p class=\"has-black-color has-text-color has-link-color wp-elements-629201b555045f618f078cfc05ffb4a5\">Allah bizleri korumu\u015f.<\/p>\n\n\n\n<p class=\"has-black-color has-text-color has-link-color wp-elements-d758babd8053b1aa205e90e2890d40d8\">\u0130yi ki o g\u00fcnlerde ad\u0131m atmam\u0131\u015f\u2026<\/p>\n\n\n\n<p class=\"has-black-color has-text-color has-link-color wp-elements-4f9569453ea4b04a17f7e9effe50d021\">Ya da atamam\u0131\u015f\u0131z.<\/p>\n\n\n\n<p class=\"has-black-color has-text-color has-link-color wp-elements-3f7fdea1d91ffd1689c37b4b82445ca4\">\u00c7\u00fcnk\u00fc\u2026<\/p>\n\n\n\n<p class=\"has-black-color has-text-color has-link-color wp-elements-f1dea4a74e9fbfc22b49ab083ae467e6\">E\u011fer ad\u0131m atm\u0131\u015f olsayd\u0131k, start\u0131m\u0131z\u0131 19. y\u00fczy\u0131l motor teknolojileriyle vermi\u015f olacakt\u0131k\u2026<\/p>\n\n\n\n<p class=\"has-black-color has-text-color has-link-color wp-elements-23b4786ccbe2ed50acf1edd2ef2512dd\">Yani fosil yak\u0131ta dayal\u0131 i\u00e7ten yanmal\u0131 motor teknolojileriyle\u2026<\/p>\n\n\n\n<p class=\"has-black-color has-text-color has-link-color wp-elements-afc16c7c430b72ed16036e5b53eac3ca\">\u00d6l\u00fc do\u011fmu\u015f bir projenin de sahibi olacakt\u0131k b\u00f6ylece.<\/p>\n\n\n\n<p class=\"has-black-color has-text-color has-link-color wp-elements-2bab71766b41f94a7f7cd5e0cf1e88d0\">Halbuki otomotivde teknolojik bir devrimin ko\u015fusu yeni ba\u015fl\u0131yor say\u0131l\u0131r.<\/p>\n\n\n\n<p class=\"has-black-color has-text-color has-link-color wp-elements-af775e383ba6dfa3c9ef9487420175fc\">D\u00fcnya\u2026<\/p>\n\n\n\n<p class=\"has-black-color has-text-color has-link-color wp-elements-2705802df22e619f7c694f5502f148aa\">19. y\u00fczy\u0131l motor teknolojileriyle otomobil \u00fcretimini temsil eden Ford\u2019un Model T\u2019sinden\u2026<\/p>\n\n\n\n<p class=\"has-black-color has-text-color has-link-color wp-elements-88b7775d5c2f21beb4aaa80fa12e4d8c\">S\u0131f\u0131r emisyonlu, otonom ve ba\u011flant\u0131l\u0131, bir di\u011fer ifadeyle \u201cak\u0131ll\u0131 ya\u015fam alan\u0131\u201d olarak da tan\u0131mlanan ara\u00e7lara h\u0131zl\u0131 bir ge\u00e7i\u015f yap\u0131yor\u2026<\/p>\n\n\n\n<p class=\"has-black-color has-text-color has-link-color wp-elements-bb84f5cde60e44638dbd16afbacd1799\">Otomobil pazar\u0131ndaki \u00e7e\u015fitlilik \u015fimdiden g\u00f6z kama\u015ft\u0131r\u0131yor\u2026<\/p>\n\n\n\n<p class=\"has-black-color has-text-color has-link-color wp-elements-08c6f6b94b90fb6059a25686684d7971\">Tesla\u2019n\u0131n<strong>&nbsp;Cybertruck&nbsp;<\/strong>ve<strong>&nbsp;Model 3<\/strong>\u2019\u00fc, Audi\u2019nin<strong>&nbsp;E-Tron<\/strong>\u2019\u0131, Porsche\u2019nin<strong>&nbsp;Taycan<\/strong>\u2019i, Jaguar\u2019\u0131n<strong>&nbsp;I-Pace<\/strong>\u2019i, Nissan\u2019\u0131n<strong>&nbsp;Leaf<\/strong>\u2019i, BMW\u2019nin<strong>&nbsp;i3<\/strong>\u2019\u00fc\u2026 vb<strong>.<\/strong><\/p>\n\n\n\n<p class=\"has-black-color has-text-color has-link-color wp-elements-c25dc19211c3baf4c3b113d68e2e329f\">Hem teknolojik hem de mental bir de\u011fi\u015fim s\u00f6z konusu\u2026<\/p>\n\n\n\n<p class=\"has-black-color has-text-color has-link-color wp-elements-28c7784f3434262a07f96b36382f2182\">Ford\u2019un Model T\u2019si akaryak\u0131tla \u00e7al\u0131\u015f\u0131yor, galerilerde sat\u0131l\u0131yordu\u2026<\/p>\n\n\n\n<p class=\"has-black-color has-text-color has-link-color wp-elements-75afc247e1dca0824c6aebd5e23aba1d\">Yeni otomobiller ise elektrikle \u00e7al\u0131\u015f\u0131yor ve internetten sat\u0131l\u0131yor!<\/p>\n\n\n\n<p class=\"has-black-color has-text-color has-link-color wp-elements-f27aa2f308115a216a8b7f37cc2de8a1\">\u25cf\u25cf\u25cf<\/p>\n\n\n\n<p class=\"has-black-color has-text-color has-link-color wp-elements-995529e5b6b2f5cb4507e1434969cf45\">\u0130\u015fte\u2026<\/p>\n\n\n\n<p class=\"has-black-color has-text-color has-link-color wp-elements-20529f0676d6f6372663ce1a7da966af\"><strong>\u201cT\u00fcrkiye\u2019nin otomobili\u201d<\/strong>&nbsp;bu alana ad\u0131m atma iddias\u0131n\u0131 ta\u015f\u0131yor\u2026<\/p>\n\n\n\n<p class=\"has-black-color has-text-color has-link-color wp-elements-614efb55e4c2a065e04a479879535bd1\">\u015eimdi bu yaz\u0131y\u0131 yazmam\u0131za neden olan hayati \u00f6nemdeki inovatif ad\u0131ma de\u011finebiliriz.<\/p>\n\n\n\n<p class=\"has-black-color has-text-color has-link-color wp-elements-f49301b99779dbf6802cdb6d9e097e67\"><strong>T\u00fcrkiye Otomobil Giri\u015fim Grubu<\/strong>\u2019nun \u00f6n g\u00f6sterim arac\u0131 ge\u00e7en y\u0131l hen\u00fcz yeni tan\u0131t\u0131lm\u0131\u015ft\u0131.<\/p>\n\n\n\n<p class=\"has-black-color has-text-color has-link-color wp-elements-1c02b6b0d80887e0ec47673ef79b4ccd\">A\u00e7\u0131klanan hedeflerin&nbsp;<strong>\u201ctad\u0131 hen\u00fcz dama\u011f\u0131m\u0131zda\u201d<\/strong>yken\u2026<\/p>\n\n\n\n<p class=\"has-black-color has-text-color has-link-color wp-elements-376019b9fff5b70f359840abff4657e1\"><strong>Tesla<\/strong>\u2019dan sevincimizi g\u00f6lgeleyen hayli \u015fa\u015f\u0131rt\u0131c\u0131 bir patent ba\u015fvurusu gelmi\u015fti\u2026<\/p>\n\n\n\n<p class=\"has-black-color has-text-color has-link-color wp-elements-c7ab2a2dfacd9591474816cd2e00e372\">Elektrikli ara\u00e7lar\u0131n\u0131n menzilini art\u0131rmak i\u00e7in Dalhousie \u00dcniversitesi ara\u015ft\u0131rmac\u0131lar\u0131yla birlikte teknolojiler geli\u015ftirmeye devam eden&nbsp;<strong>Tesla<\/strong>,&nbsp;<strong>\u201cyeni bir lityum iyon pil teknolojisi\u201d<\/strong>ne dair&nbsp;<strong>\u201cak\u0131llara ziyan\u201d<\/strong>&nbsp;bilgiler sunuyordu\u2026<\/p>\n\n\n\n<p class=\"has-black-color has-text-color has-link-color wp-elements-1fa8521006d9d2f9b456b9ad389da3f4\">T\u00fcrk\u00e7esi \u015fuydu:<\/p>\n\n\n\n<p class=\"has-black-color has-text-color has-link-color wp-elements-2da6b6725dc840a2555656770a6d3136\"><strong>Tesla\u2019n\u0131n yeni patenti hayata ge\u00e7ti\u011finde \u00fcretecekleri elektrikli ara\u00e7lar\u0131n\u0131n menzilinin 1.6 milyon km\u2019ye \u00e7\u0131kmas\u0131 \u00f6ng\u00f6r\u00fcl\u00fcyordu.&nbsp;<\/strong>(4)<\/p>\n\n\n\n<p class=\"has-black-color has-text-color has-link-color wp-elements-438ca1b8a5625ab06e7d737d27b73da9\">Elektrikli otomobil \u00fcretiminde batarya menzilinin, dolay\u0131s\u0131yla maliyetlerin en b\u00fcy\u00fck problem oldu\u011fu ger\u00e7e\u011fini dikkate ald\u0131\u011f\u0131m\u0131zda geli\u015fmenin \u00f6nemi kendili\u011finden ortaya \u00e7\u0131k\u0131yor.<\/p>\n\n\n\n<p class=\"has-black-color has-text-color has-link-color wp-elements-2a24ba7e8ca1ed4251c7447859853a6f\">Otomobil teknolojisinde nas\u0131l bir d\u00fcnya ile kar\u015f\u0131 kar\u015f\u0131ya oldu\u011fumuzu anlatmak i\u00e7in bundan daha somut bir veri bulamay\u0131z herhalde.<\/p>\n\n\n\n<p class=\"has-black-color has-text-color has-link-color wp-elements-032c553affced1ff0a2f48174e6bca9a\">\u0130\u015fimiz bu kadar ciddi.<\/p>\n\n\n\n<p class=\"has-black-color has-text-color has-link-color wp-elements-b20d1fb41619d24854979b260621e641\">Y\u00fcksek bularak, \u00e7\u0131tan\u0131n alt\u0131ndan ba\u015f\u0131m\u0131z\u0131 e\u011ferek ge\u00e7emeyiz.<\/p>\n\n\n\n<p class=\"has-black-color has-text-color has-link-color wp-elements-be33e91cb4e4765f9a67c3b6b15e5c85\">Realitenin gereklerine uygun davranmaktan ba\u015fka \u015fans\u0131m\u0131z yok.<\/p>\n\n\n\n<p class=\"has-black-color has-text-color has-link-color wp-elements-f27aa2f308115a216a8b7f37cc2de8a1\">\u25cf\u25cf\u25cf<\/p>\n\n\n\n<p class=\"has-black-color has-text-color has-link-color wp-elements-aa9be686bd8fad1e2928eb6eeb1ec84d\">Anlatt\u0131klar\u0131m\u0131z\u0131n \u0131\u015f\u0131\u011f\u0131nda\u2026<\/p>\n\n\n\n<p class=\"has-black-color has-text-color has-link-color wp-elements-77019fa4443703c381d25d1419ae6dee\">\u015eimdi fondaki \u015fark\u0131n\u0131n sesini iyice y\u00fckseltip bir kez daha dinleyelim\u2026<\/p>\n\n\n\n<p class=\"has-black-color has-text-color has-link-color wp-elements-646cbaa0ec41a2750f30c2e9d2faa8f6\">Bi yandan da\u2026<\/p>\n\n\n\n<p class=\"has-black-color has-text-color has-link-color wp-elements-ac4c3d510c499d327cfc225748606dc1\">Ba\u015f d\u00f6nd\u00fcr\u00fcc\u00fc teknolojik geli\u015fmeler ya\u015fan\u0131rken\u2026<\/p>\n\n\n\n<p class=\"has-black-color has-text-color has-link-color wp-elements-fc1033d58a7bad9fe7e5c6eed98575ce\"><strong>\u201cYa\u015fanan ger\u00e7ekli\u011fin neresinde ve nas\u0131l yer almal\u0131?\u201d<\/strong>&nbsp;sorusuna cevap arayal\u0131m!<\/p>\n\n\n\n<p class=\"has-black-color has-text-color has-link-color wp-elements-b9f95fcbd249ff6cf04a0a1a97b7fb6e\">Ne dersiniz?<\/p>\n\n\n\n<p><strong>Mehmet Y\u00fccel<\/strong><em> &#8211; (Bu yaz\u0131 12 \u015eubat 2020&#8217;de yaz\u0131lm\u0131\u015ft\u0131r.)<\/em><em>&nbsp;<\/em><\/p>\n\n\n\n<p class=\"has-black-color has-text-color has-link-color wp-elements-03aab4dbc2774ba5e8353b4b9e92d889\"><strong><em>(1) \u015eark\u0131y\u0131 dinlemek isteyenler i\u00e7in:<\/em><\/strong><em><br><\/em><a href=\"https:\/\/www.youtube.com\/watch?v=xo7TrBbks2I\" target=\"_blank\" rel=\"noreferrer noopener\">https:\/\/www.youtube.com\/watch?v=xo7TrBbks2I<\/a><\/p>\n\n\n\n<p class=\"has-black-color has-text-color has-link-color wp-elements-1cd82aec983f77b5ca06c2cfb528de0c\"><strong><em>(2) Mustafa Kemal\u2019in U\u00e7aklar\u0131<\/em><\/strong><em>, \u0130smail Yavuz, T\u00fcrkiye \u0130\u015f Bankas\u0131 K\u00fclt\u00fcr Yay\u0131nlar\u0131, 2015, 256 sayfa.<\/em><\/p>\n\n\n\n<p class=\"has-black-color has-text-color has-link-color wp-elements-265991636661db0be2a4c977f2afdefa\"><strong><em>(3) Ad\u0131 ge\u00e7en eser<\/em><\/strong><em>, s. 187.<\/em><\/p>\n\n\n\n<p class=\"has-black-color has-text-color has-link-color wp-elements-8dba02ecb9976ce81113ac252ce59285\"><strong><em>(4) Patenti incelemek isteyenler i\u00e7in:<\/em><\/strong><\/p>\n\n\n\n<p class=\"has-black-color has-text-color has-link-color wp-elements-74a31fdd206ed4c6316f96b829214e83\"><a href=\"http:\/\/bit.ly\/p-spotlight-015-tesla\" target=\"_blank\" rel=\"noreferrer noopener\">http:\/\/bit.ly\/p-spotlight-015-tesla<\/a><\/p>\n","protected":false},"excerpt":{"rendered":"<p>Tesla\u2019n\u0131n ge\u00e7en y\u0131l yapt\u0131\u011f\u0131 patent ba\u015fvurusundaki bilgiler son derece \u015fa\u015f\u0131rt\u0131c\u0131\u2026 Ba\u015fvuru, \u00fcretecekleri elektrikli ara\u00e7lar\u0131n menzilini 1.6 milyon km\u2019ye \u00e7\u0131kartmay\u0131 \u00f6ng\u00f6r\u00fcyor. Otomobil teknolojisinde nas\u0131l bir d\u00fcnya ile kar\u015f\u0131 kar\u015f\u0131ya oldu\u011fumuzu anlatmak i\u00e7in bundan daha somut bir veri bulamay\u0131z herhalde. G\u00fcftesi Vecdi Bing\u00f6l\u2019e\u2026 Bestesi M\u00fcnir Nurettin Sel\u00e7uk\u2019a ait\u2026 Mahur \u015fark\u0131\u2026 \u201cOtomobil u\u00e7ar gider\u00d6mr\u00fcm gibi ge\u00e7er giderBen t\u00e2lihin [&hellip;]<\/p>\n","protected":false},"author":1,"featured_media":388,"comment_status":"open","ping_status":"open","sticky":false,"template":"","format":"standard","meta":{"footnotes":""},"categories":[3],"tags":[],"_links":{"self":[{"href":"http:\/\/www.mehmetyucel.net\/index.php\/wp-json\/wp\/v2\/posts\/387"}],"collection":[{"href":"http:\/\/www.mehmetyucel.net\/index.php\/wp-json\/wp\/v2\/posts"}],"about":[{"href":"http:\/\/www.mehmetyucel.net\/index.php\/wp-json\/wp\/v2\/types\/post"}],"author":[{"embeddable":true,"href":"http:\/\/www.mehmetyucel.net\/index.php\/wp-json\/wp\/v2\/users\/1"}],"replies":[{"embeddable":true,"href":"http:\/\/www.mehmetyucel.net\/index.php\/wp-json\/wp\/v2\/comments?post=387"}],"version-history":[{"count":4,"href":"http:\/\/www.mehmetyucel.net\/index.php\/wp-json\/wp\/v2\/posts\/387\/revisions"}],"predecessor-version":[{"id":980,"href":"http:\/\/www.mehmetyucel.net\/index.php\/wp-json\/wp\/v2\/posts\/387\/revisions\/980"}],"wp:featuredmedia":[{"embeddable":true,"href":"http:\/\/www.mehmetyucel.net\/index.php\/wp-json\/wp\/v2\/media\/388"}],"wp:attachment":[{"href":"http:\/\/www.mehmetyucel.net\/index.php\/wp-json\/wp\/v2\/media?parent=387"}],"wp:term":[{"taxonomy":"category","embeddable":true,"href":"http:\/\/www.mehmetyucel.net\/index.php\/wp-json\/wp\/v2\/categories?post=387"},{"taxonomy":"post_tag","embeddable":true,"href":"http:\/\/www.mehmetyucel.net\/index.php\/wp-json\/wp\/v2\/tags?post=387"}],"curies":[{"name":"wp","href":"https:\/\/api.w.org\/{rel}","templated":true}]}}