{"id":46,"date":"2022-05-21T13:37:00","date_gmt":"2022-05-21T13:37:00","guid":{"rendered":"http:\/\/www.mehmetyucel.net\/index.php\/2022\/05\/04\/the-empty-chair\/"},"modified":"2024-01-20T19:37:18","modified_gmt":"2024-01-20T19:37:18","slug":"bize-dusunmeyi-ogretti","status":"publish","type":"post","link":"http:\/\/www.mehmetyucel.net\/index.php\/2022\/05\/21\/bize-dusunmeyi-ogretti\/","title":{"rendered":"Bize d\u00fc\u015f\u00fcnmeyi \u00f6\u011fretti&#8230;"},"content":{"rendered":"\n<p class=\"has-vivid-red-color has-text-color has-medium-font-size\"><strong>\u00dcnsal Oskay\u2019s\u0131z,<\/strong> <strong>boynumuz b\u00fck\u00fck ge\u00e7en 10 koca y\u0131l<\/strong>&#8230;<\/p>\n\n\n\n<p class=\"has-medium-font-size\"><em>Hayat\u0131m\u0131z\u0131n her alan\u0131nda her daim u\u00e7u\u015fup duran <strong>\u201ca\u00e7\u0131klamayan a\u00e7\u0131klamalar\u201d<\/strong>a itibar etmemeyi&#8230; \u0130ster yaz\u0131, ister s\u00f6z format\u0131na b\u00fcr\u00fcnm\u00fc\u015f olsunlar <strong>\u201csay\u0131klamalar\u201d<\/strong>\u0131n tutsa\u011f\u0131 olmamay\u0131 onunla ba\u015fard\u0131k.<\/em><\/p>\n\n\n\n<p class=\"has-black-color has-text-color has-link-color wp-elements-c364e7b1b24888d0e283c6951d0f6956\">Zaman nas\u0131l da ak\u0131yor&#8230;<\/p>\n\n\n\n<p class=\"has-black-color has-text-color has-link-color wp-elements-424efbb86074473d965e03ecf42f4b43\">Hocam \u00dcnsal Oskay\u2019\u0131 kaybedeli 10 y\u0131l olmu\u015f!<\/p>\n\n\n\n<p class=\"has-black-color has-text-color has-link-color wp-elements-79f7f72389213453db38b70bf0cb1a45\">Boynumuz b\u00fck\u00fck ge\u00e7en 10 koca y\u0131l&#8230;<\/p>\n\n\n\n<p class=\"has-black-color has-text-color has-link-color wp-elements-df639246016b7bc573b048a33c7eb658\">\u00d6\u011frencisi olabilmek zaten ba\u015fl\u0131 ba\u015f\u0131na bir <strong>\u201czenginlik\u201d<\/strong>ti&#8230;<\/p>\n\n\n\n<p class=\"has-black-color has-text-color has-link-color wp-elements-0571358a538b04855545f2bd3cd2b19b\">Dostlu\u011fu da \u00f6yle&#8230;<\/p>\n\n\n\n<p class=\"has-black-color has-text-color has-link-color wp-elements-87ada3f0d69dda9b4a0d87dc6330c630\">Daha da de\u011ferlisi okuru olabilmekti.<\/p>\n\n\n\n<p class=\"has-black-color has-text-color has-link-color wp-elements-03cbd0dab9839306eca0aa575ca35a97\">D\u00fc\u015f\u00fcnd\u00fckleri&#8230;<\/p>\n\n\n\n<p class=\"has-black-color has-text-color has-link-color wp-elements-1c0c817c842cc8cf2410ebff602ad9bf\">Yazd\u0131klar\u0131&#8230;<\/p>\n\n\n\n<p class=\"has-black-color has-text-color has-link-color wp-elements-a0bdaaa92a55743586f4ca18bab6d147\">\u00c7evirdikleriyle&#8230;<\/p>\n\n\n\n<p class=\"has-black-color has-text-color has-link-color wp-elements-f5a2bda3a42969d4603dea0a8a73105d\">D\u00fc\u015f\u00fcnce d\u00fcnyam\u0131z\u0131n a\u015f\u0131lmas\u0131 zor bir ufku olarak a\u011f\u0131rl\u0131\u011f\u0131n\u0131 h\u00e2l\u00e2 koruyor&#8230;<\/p>\n\n\n\n<p class=\"has-black-color has-text-color has-link-color wp-elements-04996dd4f2e5684ac775009070e89005\">Her zaman da koruyacak&#8230;<\/p>\n\n\n\n<p class=\"has-black-color has-text-color has-link-color wp-elements-05e9968f2f74d5c816412552fe48d30c\">\u2022\u2022\u2022<\/p>\n\n\n\n<p class=\"has-black-color has-text-color has-link-color wp-elements-8562df69a38bd9a71db67be0ac4ccfa3\">G\u00fcndelik hayat\u0131n \u201c<strong>hayhuy\u201d<\/strong>uyla bo\u011fu\u015furken <strong>\u201ckendinizi kaybetti\u011finizi\u201d <\/strong>hissediyorsan\u0131z&#8230;<\/p>\n\n\n\n<p class=\"has-black-color has-text-color has-link-color wp-elements-538a5a70bbccb5c31f89f5339afb950d\"><strong>\u201cNefessiz\u201d<\/strong> kal\u0131yor&#8230;<\/p>\n\n\n\n<p class=\"has-black-color has-text-color has-link-color wp-elements-b2d9945ec9da4bc8af77be6e8d032038\">Bunal\u0131yorsan\u0131z&#8230;<\/p>\n\n\n\n<p class=\"has-black-color has-text-color has-link-color wp-elements-5c62e9877f294e5c82c3e56a2bf07354\">Ger\u00e7ekte ne olup bitti\u011fini sahiden anlamak&#8230;<\/p>\n\n\n\n<p class=\"has-black-color has-text-color has-link-color wp-elements-1c31f9767d7e3bec86d593649af868f8\"><strong>\u201cB\u00fcy\u00fck foto\u011fraf\u201d<\/strong>\u0131 g\u00f6rmek istiyorsan\u0131z&#8230;<\/p>\n\n\n\n<p class=\"has-black-color has-text-color has-link-color wp-elements-fd9c6daa316b1229645036cc3911f981\">Bulun, al\u0131n kitaplar\u0131n\u0131&#8230;<\/p>\n\n\n\n<p class=\"has-black-color has-text-color has-link-color wp-elements-ec8121d590f9c7f0a624b3e1613a07fe\">\u00c7ok \u015fey \u00f6\u011frenecek, <strong>\u201czenginle\u015feceksiniz<\/strong><strong>&#8230;<\/strong><strong>\u201d<\/strong><\/p>\n\n\n\n<p class=\"has-black-color has-text-color has-link-color wp-elements-05e9968f2f74d5c816412552fe48d30c\">\u2022\u2022\u2022<\/p>\n\n\n\n<p class=\"has-black-color has-text-color has-link-color wp-elements-b4debcfb48b8d577044e48d94334e265\">Hocam\u2019\u0131 bir kez daha sevgi, sayg\u0131, minnet ve rahmetle an\u0131yorum&#8230;<\/p>\n\n\n\n<p class=\"has-black-color has-text-color has-link-color wp-elements-befc02d0f3253683bb18b27ba3159fdb\">Gelin&#8230;<\/p>\n\n\n\n<p class=\"has-black-color has-text-color has-link-color wp-elements-ae327509fb224d0ebd4d5b194ce1eb70\">\u00d6l\u00fcm\u00fcn\u00fcn hemen ard\u0131ndan 17 Ekim 2009\u2019dayazd\u0131\u011f\u0131m sat\u0131rlar\u0131 birlikte okuyal\u0131m:<\/p>\n\n\n\n<h2 class=\"wp-block-heading has-vivid-red-color has-text-color\"><em><strong>Bize d\u00fc\u015f\u00fcnmeyi \u00f6\u011fretti!..<\/strong><\/em><\/h2>\n\n\n\n<p class=\"has-black-color has-text-color has-link-color wp-elements-33858b64899d9192be62b49081aa9150\"><em>Herhangi bir \u00f6l\u00fcm de\u011fil bu<\/em><em>&#8230;<\/em><em><\/em><\/p>\n\n\n\n<p class=\"has-black-color has-text-color has-link-color wp-elements-ffe3d631d767f06729d87d78bae4c4bf\"><em>Bir <strong>\u201cg\u00fcne\u015f\u201d <\/strong>batt\u0131!&nbsp;<\/em><\/p>\n\n\n\n<p class=\"has-black-color has-text-color has-link-color wp-elements-1dce4cbb55827cfd6d1b44f871dc6770\"><em>\u2022\u2022\u2022<\/em><\/p>\n\n\n\n<p class=\"has-black-color has-text-color has-link-color wp-elements-be9f9ea479bc8f328837028e564f78ea\"><strong><em>\u201cK\u0131rk ayr\u0131 pencere\u201d<\/em><\/strong><em>den bakmad\u0131k\u00e7a toplumu anlayamayaca\u011f\u0131m\u0131z\u0131 bilin\u00e7alt\u0131m\u0131za yerle\u015ftiren<\/em><em>&#8230;<\/em><em><\/em><\/p>\n\n\n\n<p class=\"has-black-color has-text-color has-link-color wp-elements-9de8a312e42d223dd90b486f3913d6a6\"><em>Her olguyu sebep-sonu\u00e7 ili\u015fkisi i\u00e7inde, tarihsel b\u00fct\u00fcnl\u00fc\u011f\u00fcyle ele almay\u0131, d\u00fc\u015f\u00fcnme bi\u00e7imimizin \u201colmazsa olmaz\u201d\u0131 yapan<\/em><em>&#8230;<\/em><em><\/em><\/p>\n\n\n\n<p class=\"has-black-color has-text-color has-link-color wp-elements-5d2836dd091cd522b8724dfe1eb37105\"><em>S\u00f6z\u00fc uzatmayay\u0131m<\/em><em>&#8230;<\/em><em><\/em><\/p>\n\n\n\n<p class=\"has-black-color has-text-color has-link-color wp-elements-a2094f14e9ebf3e1c450915835dbc39d\"><em>Bize d\u00fc\u015f\u00fcnmeyi \u00f6\u011freten sevgili hocam&nbsp;<strong>Prof. Dr. \u00dcnsal<\/strong>&nbsp;<strong>Oskay<\/strong>\u2019\u0131 yitirdik.<\/em><\/p>\n\n\n\n<p class=\"has-black-color has-text-color has-link-color wp-elements-637becc6ea056a7498c14727da7afab2\"><em>\u2022\u2022\u2022&nbsp;<\/em><\/p>\n\n\n\n<p class=\"has-black-color has-text-color has-link-color wp-elements-55618358478e1dcbad40bb78b40a06b1\"><strong><em>\u201c19. Y\u00fczy\u0131ldan G\u00fcn\u00fcm\u00fcze Kitle \u0130leti\u015fiminin K\u00fclt\u00fcrel \u0130\u015flevleri\u201d<\/em><\/strong><em> ad\u0131n\u0131 ta\u015f\u0131yan do\u00e7entlik tezi ba\u015fta olmak \u00fczere verdi\u011fi pek \u00e7ok eserle \u00fclkemizde&nbsp;<strong>ileti\u015fimbilim<\/strong>in kurulmas\u0131na \u00f6nc\u00fcl\u00fck eden<\/em><em>&#8230;<\/em><em><\/em><\/p>\n\n\n\n<p class=\"has-black-color has-text-color has-link-color wp-elements-fe21a31b6dd811a5dfc9ece3150afc6e\"><em>Yan\u0131 s\u0131ra \u00fclkemizde sosyolojinin ve sosyal psikolojinin anlamsal derinli\u011fine, alabildi\u011fine geni\u015f ufkuyla ciddi katk\u0131lar sa\u011flayan&nbsp;<strong>Oskay<\/strong>\u2019\u0131n b\u0131rakt\u0131\u011f\u0131 bo\u015flu\u011fu doldurmak \u00e7ok ama \u00e7ok zor.<\/em><\/p>\n\n\n\n<p class=\"has-black-color has-text-color has-link-color wp-elements-e93e296cf0bcc1ae615af3a8d51d99d9\"><em>Dedim ya<\/em><em>&#8230;<\/em><em><\/em><\/p>\n\n\n\n<p class=\"has-black-color has-text-color has-link-color wp-elements-861886efa222eefdcfc2835805ee9ed5\"><em>Bir <strong>\u201cg\u00fcne\u015f\u201d <\/strong>batt\u0131!<\/em><\/p>\n\n\n\n<p class=\"has-black-color has-text-color has-link-color wp-elements-637becc6ea056a7498c14727da7afab2\"><em>\u2022\u2022\u2022&nbsp;<\/em><\/p>\n\n\n\n<p class=\"has-black-color has-text-color has-link-color wp-elements-7fc28d98ba9c69ee62c19db1782ecdb1\"><em>Hayata<\/em><em>&#8230;<\/em><em><\/em><\/p>\n\n\n\n<p class=\"has-black-color has-text-color has-link-color wp-elements-96817de608acc59911c0828548fbe2f1\"><em>Ne olmu\u015f, neden olmu\u015f<\/em><em>&#8230;<\/em><em><\/em><\/p>\n\n\n\n<p class=\"has-black-color has-text-color has-link-color wp-elements-b221baf9888c0d09df631ec4a4baa446\"><em>Nerede, ne zaman, nas\u0131l olmu\u015f<\/em><em>&#8230;<\/em><em><\/em><\/p>\n\n\n\n<p class=\"has-black-color has-text-color has-link-color wp-elements-c9d709cc2f551ef1319c08850e0a1eb3\"><em>Kim\/kimler taraf\u0131ndan, kim\/kimler yarar\u0131na yap\u0131lm\u0131\u015f<\/em><em>&#8230;<\/em><em><\/em><\/p>\n\n\n\n<p class=\"has-black-color has-text-color has-link-color wp-elements-f97bc3e3edfadceaca7445a162a8a200\"><em>T\u00fcm toplumsal taraflar\u0131yla<\/em><em>&#8230;<\/em><em><\/em><\/p>\n\n\n\n<p class=\"has-black-color has-text-color has-link-color wp-elements-08097724c6f52ef6ed8dd5d339a26c5d\"><em>D\u00fcnden bug\u00fcne ve bug\u00fcnden yar\u0131na y\u00f6nelik y\u00f6nsemeleriyle <strong>\u201cd\u00f6rtba\u015f\u0131 mamur\u201d <\/strong>bakmay\u0131 pek \u00e7o\u011fumuz ondan \u00f6\u011frendik<\/em><em>&#8230;<\/em><em><\/em><\/p>\n\n\n\n<p class=\"has-black-color has-text-color has-link-color wp-elements-3135bb8e42bcae135f9dea721b7ea9de\"><em>Toplumsal hayat\u0131m\u0131z\u0131n anlam\u0131n\u0131, y\u0131ld\u0131zlarda, fallarda, gizemli d\u00fcnya d\u0131\u015f\u0131 g\u00fc\u00e7lerde aramam\u0131z\u0131 <strong>\u201cemreden\u201d<\/strong>lere inat, bunun bizatihi insan akl\u0131 ve eylemleriyle olu\u015fturulmu\u015f tarihsel bir s\u00fcre\u00e7 izledi\u011fi ger\u00e7e\u011fini hi\u00e7 akl\u0131m\u0131zdan \u00e7\u0131karmamay\u0131 bize o \u00f6\u011fretti.<\/em><\/p>\n\n\n\n<p class=\"has-black-color has-text-color has-link-color wp-elements-09bd9302179bf0b374f6c577b000e008\"><em>\u0130\u00e7inde ya\u015fad\u0131\u011f\u0131m\u0131z hayattan s\u0131k\u0131l\u0131p bunald\u0131k\u00e7a<\/em><em>&#8230;<\/em><em><\/em><\/p>\n\n\n\n<p class=\"has-black-color has-text-color has-link-color wp-elements-2e7ef81f71ae1cc3d600cb9b170fe3c4\"><strong><em>&#8220;Kaybolma korkusu<\/em><\/strong><em>\u201d ya\u015fad\u0131k\u00e7a her zaman d\u00fc\u015f\u00fcnceleriyle ayd\u0131nlatt\u0131 \u00f6n\u00fcm\u00fcz\u00fc<\/em><em>&#8230;<\/em><em><\/em><\/p>\n\n\n\n<p class=\"has-black-color has-text-color has-link-color wp-elements-35aaecdf23d0a776c19a33e360803cd2\"><em>Ele\u015ftirel akl\u0131, ele\u015ftirel d\u00fc\u015f\u00fcnceyi\u2026 Adorno\u2019yu, Walter Benjamin\u2019i, Lewis Henry Morgan\u2019\u0131, C.Wright Mills\u2019i, Baudelaire\u2019i, Frankfurt Okulu\u2019nu o fark ettirdi bize.<\/em><\/p>\n\n\n\n<p class=\"has-black-color has-text-color has-link-color wp-elements-6469723d4a3ac5b7fac4fc6572c93710\"><em>Hayat\u0131m\u0131z\u0131n her alan\u0131nda her daim u\u00e7u\u015fup duran <strong>\u201ca\u00e7\u0131klamayan a\u00e7\u0131klamalar\u201d<\/strong>a itibar etmemeyi<\/em><em>&#8230;<\/em><em> \u0130ster yaz\u0131, ister s\u00f6z format\u0131na b\u00fcr\u00fcnm\u00fc\u015f olsunlar <strong>\u201csay\u0131klamalar\u201d<\/strong>\u0131n tutsa\u011f\u0131 olmamay\u0131 onunla ba\u015fard\u0131k.<\/em><\/p>\n\n\n\n<p class=\"has-black-color has-text-color has-link-color wp-elements-1dce4cbb55827cfd6d1b44f871dc6770\"><em>\u2022\u2022\u2022<\/em><\/p>\n\n\n\n<p class=\"has-black-color has-text-color has-link-color wp-elements-c8eec8a36596cce527df6cd2ec4b669f\"><em>Edindi\u011fi u\u00e7suz bucaks\u0131z bilgiyi sevgiyle harmanlayan da&nbsp;<strong>O<\/strong>\u2019ydu<\/em><em>&#8230;<\/em><em><\/em><\/p>\n\n\n\n<p class=\"has-black-color has-text-color has-link-color wp-elements-05773f217ace2a2ab3d4ede68dd2d5f6\"><em>Bilginin<\/em><em>&#8230;<\/em><em><\/em><\/p>\n\n\n\n<p class=\"has-black-color has-text-color has-link-color wp-elements-267d462aaf73a717bab7b5b32be458d1\"><em>Aksesuar olarak, \u015f\u0131kl\u0131k olsun diye ta\u015f\u0131namayaca\u011f\u0131na<\/em><em>&#8230;<\/em><em> Kimseye kar\u015f\u0131 tahakk\u00fcm arac\u0131na d\u00f6n\u00fc\u015ft\u00fcr\u00fclemeyece\u011fine vurgu yapt\u0131 b\u0131kmadan, usanmadan<\/em><em>&#8230;<\/em><em><\/em><\/p>\n\n\n\n<p class=\"has-black-color has-text-color has-link-color wp-elements-9e668adf69281979e6a5406978775414\"><em>Ve g\u00fcn\u00fcm\u00fczdeki en temel e\u015fitsizli\u011fin <strong>\u201cs\u00f6z hakk\u0131 e\u015fitsizli\u011fi\u201d<\/strong> oldu\u011funa dikkat \u00e7ekerken, t\u00fcm \u00e7al\u0131\u015fmalar\u0131n\u0131, s\u00f6z hakk\u0131 k\u0131s\u0131tlananlardan yana tutum alan bir insanl\u0131k anlay\u0131\u015f\u0131yla yapmay\u0131 \u0131skalamad\u0131 hi\u00e7!<\/em><\/p>\n\n\n\n<p class=\"has-black-color has-text-color has-link-color wp-elements-a26282d8e65c1a2f4119ac8c5ba637c9\"><em>\u201cAhmak mutlulu\u011fuyla ya\u015famay\u0131n\u201d derken eklerdi:<\/em><\/p>\n\n\n\n<p class=\"has-black-color has-text-color has-link-color wp-elements-710682b551d6e6e0055b71dcec714ed2\"><strong><em>&#8220;Bilgilenmekten kaynaklanan <\/em><\/strong><em>\u201cmutsuzluk\u201d<strong> mutlulu\u011fun ta kendisidir!&#8221;<\/strong><\/em><\/p>\n\n\n\n<p class=\"has-black-color has-text-color has-link-color wp-elements-1dce4cbb55827cfd6d1b44f871dc6770\"><em>\u2022\u2022\u2022<\/em><\/p>\n\n\n\n<p class=\"has-black-color has-text-color has-link-color wp-elements-e93e296cf0bcc1ae615af3a8d51d99d9\"><em>Dedim ya<\/em><em>&#8230;<\/em><em><\/em><\/p>\n\n\n\n<p class=\"has-black-color has-text-color has-link-color wp-elements-33858b64899d9192be62b49081aa9150\"><em>Herhangi bir \u00f6l\u00fcm de\u011fil bu<\/em><em>&#8230;<\/em><em><\/em><\/p>\n\n\n\n<p class=\"has-black-color has-text-color has-link-color wp-elements-8d2179600999e96894bcf18903e7e8b6\"><em>Bir \u201c<strong>g\u00fcne\u015f<\/strong>\u201d batt\u0131!<\/em><\/p>\n\n\n\n<p class=\"has-black-color has-text-color has-link-color wp-elements-637becc6ea056a7498c14727da7afab2\"><em>\u2022\u2022\u2022&nbsp;<\/em><\/p>\n\n\n\n<p class=\"has-black-color has-text-color has-link-color wp-elements-925e340f9dca3893bb73e7e502174750\"><em>Nur i\u00e7inde yat sevgili Hocam&#8230;<\/em><\/p>\n\n\n\n<p class=\"has-black-color has-text-color has-link-color wp-elements-0813cb5ab04fb6dafb9b2a4e43eec871\"><strong>Mehmet Y\u00fccel<\/strong>, 17 Ekim 2019<\/p>\n\n\n\n<figure class=\"wp-block-image size-full\"><img loading=\"lazy\" decoding=\"async\" width=\"947\" height=\"760\" src=\"http:\/\/www.mehmetyucel.net\/wp-content\/uploads\/2023\/12\/WhatsApp-Image-2019-10-18-at-22.05.jpg\" alt=\"\" class=\"wp-image-225\" srcset=\"http:\/\/www.mehmetyucel.net\/wp-content\/uploads\/2023\/12\/WhatsApp-Image-2019-10-18-at-22.05.jpg 947w, http:\/\/www.mehmetyucel.net\/wp-content\/uploads\/2023\/12\/WhatsApp-Image-2019-10-18-at-22.05-300x241.jpg 300w, http:\/\/www.mehmetyucel.net\/wp-content\/uploads\/2023\/12\/WhatsApp-Image-2019-10-18-at-22.05-768x616.jpg 768w, http:\/\/www.mehmetyucel.net\/wp-content\/uploads\/2023\/12\/WhatsApp-Image-2019-10-18-at-22.05-750x602.jpg 750w\" sizes=\"(max-width: 947px) 100vw, 947px\" \/><\/figure>\n","protected":false},"excerpt":{"rendered":"<p>\u00dcnsal Oskay\u2019s\u0131z, boynumuz b\u00fck\u00fck ge\u00e7en 10 koca y\u0131l&#8230; Hayat\u0131m\u0131z\u0131n her alan\u0131nda her daim u\u00e7u\u015fup duran \u201ca\u00e7\u0131klamayan a\u00e7\u0131klamalar\u201da itibar etmemeyi&#8230; \u0130ster yaz\u0131, ister s\u00f6z format\u0131na b\u00fcr\u00fcnm\u00fc\u015f olsunlar \u201csay\u0131klamalar\u201d\u0131n tutsa\u011f\u0131 olmamay\u0131 onunla ba\u015fard\u0131k. Zaman nas\u0131l da ak\u0131yor&#8230; Hocam \u00dcnsal Oskay\u2019\u0131 kaybedeli 10 y\u0131l olmu\u015f! Boynumuz b\u00fck\u00fck ge\u00e7en 10 koca y\u0131l&#8230; \u00d6\u011frencisi olabilmek zaten ba\u015fl\u0131 ba\u015f\u0131na bir \u201czenginlik\u201dti&#8230; [&hellip;]<\/p>\n","protected":false},"author":1,"featured_media":222,"comment_status":"open","ping_status":"open","sticky":false,"template":"","format":"standard","meta":{"footnotes":""},"categories":[3],"tags":[],"_links":{"self":[{"href":"http:\/\/www.mehmetyucel.net\/index.php\/wp-json\/wp\/v2\/posts\/46"}],"collection":[{"href":"http:\/\/www.mehmetyucel.net\/index.php\/wp-json\/wp\/v2\/posts"}],"about":[{"href":"http:\/\/www.mehmetyucel.net\/index.php\/wp-json\/wp\/v2\/types\/post"}],"author":[{"embeddable":true,"href":"http:\/\/www.mehmetyucel.net\/index.php\/wp-json\/wp\/v2\/users\/1"}],"replies":[{"embeddable":true,"href":"http:\/\/www.mehmetyucel.net\/index.php\/wp-json\/wp\/v2\/comments?post=46"}],"version-history":[{"count":8,"href":"http:\/\/www.mehmetyucel.net\/index.php\/wp-json\/wp\/v2\/posts\/46\/revisions"}],"predecessor-version":[{"id":910,"href":"http:\/\/www.mehmetyucel.net\/index.php\/wp-json\/wp\/v2\/posts\/46\/revisions\/910"}],"wp:featuredmedia":[{"embeddable":true,"href":"http:\/\/www.mehmetyucel.net\/index.php\/wp-json\/wp\/v2\/media\/222"}],"wp:attachment":[{"href":"http:\/\/www.mehmetyucel.net\/index.php\/wp-json\/wp\/v2\/media?parent=46"}],"wp:term":[{"taxonomy":"category","embeddable":true,"href":"http:\/\/www.mehmetyucel.net\/index.php\/wp-json\/wp\/v2\/categories?post=46"},{"taxonomy":"post_tag","embeddable":true,"href":"http:\/\/www.mehmetyucel.net\/index.php\/wp-json\/wp\/v2\/tags?post=46"}],"curies":[{"name":"wp","href":"https:\/\/api.w.org\/{rel}","templated":true}]}}