{"id":557,"date":"2021-12-13T13:16:00","date_gmt":"2021-12-13T13:16:00","guid":{"rendered":"https:\/\/www.mehmetyucel.net\/?p=557"},"modified":"2023-12-13T13:56:54","modified_gmt":"2023-12-13T13:56:54","slug":"yesilcam-emekcisiyim-ben","status":"publish","type":"post","link":"http:\/\/www.mehmetyucel.net\/index.php\/2021\/12\/13\/yesilcam-emekcisiyim-ben\/","title":{"rendered":"&#8220;Ye\u015fil\u00e7am emek\u00e7isiyim ben&#8230;&#8221;"},"content":{"rendered":"\n<p><\/p>\n\n\n\n<figure class=\"wp-block-image size-full\"><img loading=\"lazy\" decoding=\"async\" width=\"1005\" height=\"673\" src=\"https:\/\/www.mehmetyucel.net\/wp-content\/uploads\/2023\/12\/xFedai-Abi-1.jpg\" alt=\"\" class=\"wp-image-558\" srcset=\"http:\/\/www.mehmetyucel.net\/wp-content\/uploads\/2023\/12\/xFedai-Abi-1.jpg 1005w, http:\/\/www.mehmetyucel.net\/wp-content\/uploads\/2023\/12\/xFedai-Abi-1-300x201.jpg 300w, http:\/\/www.mehmetyucel.net\/wp-content\/uploads\/2023\/12\/xFedai-Abi-1-768x514.jpg 768w, http:\/\/www.mehmetyucel.net\/wp-content\/uploads\/2023\/12\/xFedai-Abi-1-750x502.jpg 750w\" sizes=\"(max-width: 1005px) 100vw, 1005px\" \/><\/figure>\n\n\n\n<p class=\"has-black-color has-text-color has-link-color wp-elements-a2a85c307fcbf22f53ab79d5b01ca8f6\">Ne s\u00f6ylese\u2026<br>Ne anlatsa\u2026<br>S\u00f6z d\u00f6n\u00fcp dola\u015f\u0131p film setlerinde biriktirdi\u011fi an\u0131lar\u0131na geliyor\u2026<br>Kolay de\u011fil, set teknisyenli\u011fine otuz y\u0131l\u0131n\u0131 vermi\u015f Fedai Abi. Ondan \u00f6ncesi de epey renkli.<br><em>\u201cSerde Arnavutluk var\u201d<\/em> diyor\u2026<br><em>\u201cGen\u00e7li\u011fimde bostanc\u0131l\u0131k da yapt\u0131m\u2026 At arabac\u0131l\u0131\u011f\u0131 da\u2026 Motor-\u015fase ustal\u0131\u011f\u0131 da yapt\u0131m\u2026 Demircilik de\u2026\u201d<\/em><br><em>\u201cAma ne zaman ki otuzumda Ye\u015fil\u00e7am\u2019a ad\u0131m att\u0131m\u2026 Ay\u0131rabilene a\u015fk olsun\u2026 Sonras\u0131nda kendimi hep \u00f6yle hissettim\u2026 \u2018Ye\u015fil\u00e7am emek\u00e7isisin sen Fedai\u2019 dedim, kendi kendime.\u201d<\/em><br>K\u0131st\u0131\u011f\u0131 g\u00f6zleriyle s\u0131k s\u0131k dal\u0131p gidiyor\u2026<br><em>\u201cAkl\u0131ndan kimler ge\u00e7iyor acaba?\u201d<\/em> dememe kalmadan, Osman F. Sedenler, T\u00fcrk\u00e2n \u015eoraylar, M\u00fcjdat Gezenler,<br>Sava\u015f Aylar, Bulut Araslar, G\u00fclben Ergenler, Aydan \u015eenerler kare kare d\u00f6k\u00fcl\u00fcyor s\u00f6zc\u00fcklerinden\u2026<br><em>\u201c\u0130\u015f var, dediler mi deliler gibi \u00e7al\u0131\u015f\u0131rd\u0131k\u2026 Yar\u0131n\u0131 d\u00fc\u015f\u00fcnen kim? Yar\u0131m tonluk dolly\u2019yi(*) kondurup kald\u0131rmak v\u0131z gelirdi o zamanlar\u2026 Ar\u015fivlerde merakl\u0131s\u0131n\u0131 bekleyen nice a\u015fk\u0131 da \u00e7ektik, nice yat\u0131r\u0131 da\u2026 Hatta g\u00fcn geldi, \u2018\u015fu rolde de sen oyna\u2019 dediler, oynad\u0131k\u2026 Renkli, g\u00fczel g\u00fcnlerdi yani\u2026\u201d<\/em><br><em>\u201cGel zaman git zaman seneler akt\u0131 ge\u00e7ti su gibi\u2026 Atm\u0131\u015fbe\u015findeyim \u015fimdi.\u201d<\/em><br>Balat&#8217;ta\u2026<br>Evinin \u00f6n\u00fcndeki dut a\u011fac\u0131n\u0131n alt\u0131nda otururken\u2026<br>Bi yandan <em>&#8220;parkinson&#8221;<\/em>dan titreyen elini kolunu kontrol etmeye \u00e7al\u0131\u015f\u0131yor\u2026<br>Bi yandan da anlat\u0131yor, anlat\u0131yor, anlat\u0131yor\u2026<br>H\u00fcz\u00fcn demleniyor\u2026<br>Sohbet <em>&#8220;d\u00fc\u011f\u00fcmleniyor&#8221;<\/em> bo\u011fazlar\u0131m\u0131zda\u2026<br>Boynunu b\u00fckerek ekliyor:<br><em>\u201cNeyse ki \u00e7oluk \u00e7ocuk hay\u0131rl\u0131 \u00e7\u0131kt\u0131 da\u2026\u201d<\/em><br>G\u00f6zlerinde bir nem mi belirdi, yoksa bana m\u0131 \u00f6yle geldi\u2026<br>Ah be Fedai Abi\u2026<br>Bir de emeklili\u011fin olayd\u0131! <\/p>\n\n\n\n<p class=\"has-black-color has-text-color has-link-color wp-elements-50fa994d2145c4a768cfd7321f52f742\"><em>(*)Kameray\u0131 raylar \u00fczerinde kayd\u0131rarak titretmeden \u00e7ekim yap\u0131lmas\u0131n\u0131 sa\u011flayan d\u00fczenek.<\/em><\/p>\n","protected":false},"excerpt":{"rendered":"<p>Ne s\u00f6ylese\u2026Ne anlatsa\u2026S\u00f6z d\u00f6n\u00fcp dola\u015f\u0131p film setlerinde biriktirdi\u011fi an\u0131lar\u0131na geliyor\u2026Kolay de\u011fil, set teknisyenli\u011fine otuz y\u0131l\u0131n\u0131 vermi\u015f Fedai Abi. Ondan \u00f6ncesi de epey renkli.\u201cSerde Arnavutluk var\u201d diyor\u2026\u201cGen\u00e7li\u011fimde bostanc\u0131l\u0131k da yapt\u0131m\u2026 At arabac\u0131l\u0131\u011f\u0131 da\u2026 Motor-\u015fase ustal\u0131\u011f\u0131 da yapt\u0131m\u2026 Demircilik de\u2026\u201d\u201cAma ne zaman ki otuzumda Ye\u015fil\u00e7am\u2019a ad\u0131m att\u0131m\u2026 Ay\u0131rabilene a\u015fk olsun\u2026 Sonras\u0131nda kendimi hep \u00f6yle hissettim\u2026 \u2018Ye\u015fil\u00e7am emek\u00e7isisin [&hellip;]<\/p>\n","protected":false},"author":1,"featured_media":558,"comment_status":"open","ping_status":"open","sticky":false,"template":"","format":"standard","meta":{"footnotes":""},"categories":[4],"tags":[],"_links":{"self":[{"href":"http:\/\/www.mehmetyucel.net\/index.php\/wp-json\/wp\/v2\/posts\/557"}],"collection":[{"href":"http:\/\/www.mehmetyucel.net\/index.php\/wp-json\/wp\/v2\/posts"}],"about":[{"href":"http:\/\/www.mehmetyucel.net\/index.php\/wp-json\/wp\/v2\/types\/post"}],"author":[{"embeddable":true,"href":"http:\/\/www.mehmetyucel.net\/index.php\/wp-json\/wp\/v2\/users\/1"}],"replies":[{"embeddable":true,"href":"http:\/\/www.mehmetyucel.net\/index.php\/wp-json\/wp\/v2\/comments?post=557"}],"version-history":[{"count":6,"href":"http:\/\/www.mehmetyucel.net\/index.php\/wp-json\/wp\/v2\/posts\/557\/revisions"}],"predecessor-version":[{"id":565,"href":"http:\/\/www.mehmetyucel.net\/index.php\/wp-json\/wp\/v2\/posts\/557\/revisions\/565"}],"wp:featuredmedia":[{"embeddable":true,"href":"http:\/\/www.mehmetyucel.net\/index.php\/wp-json\/wp\/v2\/media\/558"}],"wp:attachment":[{"href":"http:\/\/www.mehmetyucel.net\/index.php\/wp-json\/wp\/v2\/media?parent=557"}],"wp:term":[{"taxonomy":"category","embeddable":true,"href":"http:\/\/www.mehmetyucel.net\/index.php\/wp-json\/wp\/v2\/categories?post=557"},{"taxonomy":"post_tag","embeddable":true,"href":"http:\/\/www.mehmetyucel.net\/index.php\/wp-json\/wp\/v2\/tags?post=557"}],"curies":[{"name":"wp","href":"https:\/\/api.w.org\/{rel}","templated":true}]}}