{"id":652,"date":"2021-12-13T00:15:00","date_gmt":"2021-12-13T00:15:00","guid":{"rendered":"https:\/\/www.mehmetyucel.net\/?p=652"},"modified":"2023-12-17T19:03:24","modified_gmt":"2023-12-17T19:03:24","slug":"insan-okur","status":"publish","type":"post","link":"http:\/\/www.mehmetyucel.net\/index.php\/2021\/12\/13\/insan-okur\/","title":{"rendered":"&#8220;\u0130nsan okur&#8230;&#8221;"},"content":{"rendered":"\n<figure class=\"wp-block-image size-full\"><img loading=\"lazy\" decoding=\"async\" width=\"1012\" height=\"679\" src=\"https:\/\/www.mehmetyucel.net\/wp-content\/uploads\/2023\/12\/1Insan-okurVURAL-2.jpg\" alt=\"\" class=\"wp-image-653\" srcset=\"http:\/\/www.mehmetyucel.net\/wp-content\/uploads\/2023\/12\/1Insan-okurVURAL-2.jpg 1012w, http:\/\/www.mehmetyucel.net\/wp-content\/uploads\/2023\/12\/1Insan-okurVURAL-2-300x201.jpg 300w, http:\/\/www.mehmetyucel.net\/wp-content\/uploads\/2023\/12\/1Insan-okurVURAL-2-768x515.jpg 768w, http:\/\/www.mehmetyucel.net\/wp-content\/uploads\/2023\/12\/1Insan-okurVURAL-2-750x503.jpg 750w\" sizes=\"(max-width: 1012px) 100vw, 1012px\" \/><\/figure>\n\n\n\n<h3 class=\"wp-block-heading\"><em>Okunan&#8230; Ama sadece canlar\u0131m\u0131za okunan bir hayata <strong>&#8220;hooop&#8221;<\/strong> diyebilme kayg\u0131s\u0131&#8230;<\/em><\/h3>\n\n\n\n<p><\/p>\n\n\n\n<p class=\"has-black-color has-text-color has-link-color wp-elements-b0a582a67816b2a1f8b434182f1dd619\">\u00dczerini kitaplar\u0131yla donatt\u0131\u011f\u0131 g\u00fczeller g\u00fczeli, sapsar\u0131 1973 model vosvosunun sa\u011f arka kap\u0131s\u0131n\u0131n cam\u0131na b\u00f6yle yazm\u0131\u015f <strong>Vural<\/strong>:<\/p>\n\n\n\n<p class=\"has-black-color has-text-color has-link-color wp-elements-f57eccb70e397020b98116ef93d89697\"><strong>&#8220;\u0130nsan okur&#8230;&#8221;<\/strong><\/p>\n\n\n\n<p class=\"has-black-color has-text-color has-link-color wp-elements-488fdb2aaf53125f831e541fa381ec77\">\u00c7engelk\u00f6y&#8217;de biraz deniz kokusu almak&#8230; Biraz \u0130stanbul&#8217;un hayhuyundan uzakla\u015fmak&#8230; Arada bir iki bardak da \u00e7ay i\u00e7mek \u00fczere \u00c7\u0131naralt\u0131&#8217;na y\u00fcr\u00fcrken bu g\u00f6r\u00fcnt\u00fcyle kalakal\u0131yorum oldu\u011fum yerde&#8230;<\/p>\n\n\n\n<p class=\"has-black-color has-text-color has-link-color wp-elements-1fe15c5cc6b39b95dc9f0038901a2d7a\">Bu ne \u015fimdi?<\/p>\n\n\n\n<p class=\"has-black-color has-text-color has-link-color wp-elements-4e8cd8763898670a288a00fa941c9ae6\">Oysa birazdan onca insan\u0131n yine ayn\u0131 masada nas\u0131l sohbetsiz olabildi\u011fini&#8230;<\/p>\n\n\n\n<p class=\"has-black-color has-text-color has-link-color wp-elements-92593a190e9922c61d6b3e721e55468f\">Yine <strong>&#8220;ak\u0131ll\u0131&#8221;<\/strong> telefonlar\u0131na g\u00f6m\u00fclm\u00fc\u015f yak\u0131n bedenlerin zihinlerinde birbirlerine nas\u0131l uzakla\u015fabildi\u011fini&#8230;<\/p>\n\n\n\n<p class=\"has-black-color has-text-color has-link-color wp-elements-b2189a0a7c3d45cdd4263c803ddcd9d6\">Yine kitaps\u0131z bir hayata nas\u0131l tutsak d\u00fc\u015ft\u00fc\u011f\u00fcm\u00fcz\u00fc h\u00fcz\u00fcnle bir kez daha&nbsp; g\u00f6zlemleyecekken&#8230;<\/p>\n\n\n\n<p class=\"has-black-color has-text-color has-link-color wp-elements-1153a7329c6b256893e8b219b1d3bdc7\">Ne bu \u015fimdi?<\/p>\n\n\n\n<h3 class=\"wp-block-heading has-black-color has-text-color has-link-color wp-elements-0e062523f96ec6725894a5f473014d25\"><strong><em>&#8220;Tek ki\u015filik bir ordu&#8221;<\/em><\/strong><\/h3>\n\n\n\n<p class=\"has-black-color has-text-color has-link-color wp-elements-ddf2f07262d2f081d003e8a51ab7ec55\">\u0130ki ay \u00f6nce askerden geldi\u011finde, bo\u015f ge\u00e7irece\u011fi yaz aylar\u0131n\u0131 nas\u0131l verimli k\u0131labilece\u011fini d\u00fc\u015f\u00fcn\u00fcrken, akl\u0131na \u00f6nce kitaplar\u0131, sonra vosvosu gelmi\u015f&#8230;<\/p>\n\n\n\n<p class=\"has-black-color has-text-color has-link-color wp-elements-773b282484152a8ed084b131379d5538\">Okuma \u00f6z\u00fcrl\u00fc bir hayat s\u00fcrd\u00fcrmekte olu\u015fumuzu g\u00fcc\u00fc yetti\u011fince fark ettirmek istemi\u015f&#8230;<\/p>\n\n\n\n<p class=\"has-black-color has-text-color has-link-color wp-elements-79ccd3ac7e7e27f505ed57ca02efb68e\">K\u00fclt\u00fcre, sanata katk\u0131 sa\u011flad\u0131\u011f\u0131n\u0131 sand\u0131\u011f\u0131m\u0131z kimi kurumlara, <strong>&#8220;siz de yard\u0131m edin isterseniz&#8221;<\/strong> demi\u015f <strong>Vural Y\u0131lmaz<\/strong>&#8230; Belki 28 ya\u015f\u0131n \u00f6zg\u00fcveniyle&#8230; Belki edebiyat \u00f6\u011fretmeni olman\u0131n verdi\u011fi nezaketle&#8230; Belki de hayat\u0131n i\u015fleyi\u015f kurgusuna hen\u00fcz v\u00e2k\u0131f olmaman\u0131n cesaretiyle&#8230;<\/p>\n\n\n\n<p class=\"has-black-color has-text-color has-link-color wp-elements-a11a9cc9227c0f3d228c3fe3ba71d3b0\">&#8220;<strong>U\u011fur b\u00f6ce\u011fi \u015feklinde tasarlayaca\u011f\u0131m\u0131z bir de r\u00f6mork ekleriz vosvosa, kentin en g\u00f6r\u00fcn\u00fcr yerlerinde kitaplar\u0131 hat\u0131rlat\u0131r\u0131z insanlara&#8221; <\/strong>demi\u015f&#8230;<\/p>\n\n\n\n<p class=\"has-black-color has-text-color has-link-color wp-elements-bee7b13931544417666afae563beedd6\">Ama dedi\u011fiyle de kalm\u0131\u015f.<\/p>\n\n\n\n<p class=\"has-black-color has-text-color has-link-color wp-elements-9acfb7e917471b25ade4da4d8311c727\">Kimse k\u0131l\u0131n\u0131 bile k\u0131p\u0131rdatmam\u0131\u015f.<\/p>\n\n\n\n<p class=\"has-black-color has-text-color has-link-color wp-elements-cac7d2c5f1c2b2633ab279124a0a35b4\">\u00c7aresiz kal\u0131nca kabu\u011funa \u00e7ekilmeyi sindirememi\u015f Vural&#8230; Ordulu olu\u015fundan m\u0131 nedir, <strong>&#8220;tek ki\u015filik bir ordu&#8221;<\/strong>yla \u00e7\u0131km\u0131\u015f ortaya&#8230; &#8220;<\/p>\n\n\n\n<p class=\"has-black-color has-text-color has-link-color wp-elements-80c944f347db88920662f8a80797213f\">Vosvosunu tezgah olarak kullanmak \u00fczere, geleni ge\u00e7eni hayli bol, \u00c7engelk\u00f6y Kaptan-\u0131 Derya Seyit Ali Pa\u015fa Soka\u011f\u0131&#8217;ndaki \u00d6mer Efendi Camii ile otopark\u0131n k\u00f6\u015fesindeki duvar\u0131n dibine park edip sermi\u015f kitaplar\u0131n\u0131 \u00fcst\u00fcne&#8230;<\/p>\n\n\n\n<h3 class=\"wp-block-heading has-black-color has-text-color has-link-color wp-elements-934a613f7dfa61e71000f1ab0fc6c662\"><strong><em>&#8220;Senden kald\u0131 m\u0131 h\u00e2l\u00e2 evl\u00e2t?&#8221;<\/em><\/strong><\/h3>\n\n\n\n<p class=\"has-black-color has-text-color has-link-color wp-elements-c5b8b15fbd2b30517a460affdaacfe5c\">O g\u00fcne dek kimselere vermeye k\u0131yamad\u0131\u011f\u0131 kitaplar\u0131n\u0131, <strong>&#8220;insanlar\u0131n ilgi g\u00f6stermedi\u011fi bir i\u015fi yapt\u0131\u011f\u0131m i\u00e7in annemden \u00f6z\u00fcr diliyorum!&#8221;<\/strong> notuyla payla\u015fm\u0131\u015f heyecanla&#8230;<\/p>\n\n\n\n<p class=\"has-black-color has-text-color has-link-color wp-elements-8058ac002849859aeb76b448ccbf22b5\">Kimi&#8230;<\/p>\n\n\n\n<p class=\"has-black-color has-text-color has-link-color wp-elements-c9d2b9a7a21cf9342e36d33194824693\">\u00d6\u011frencileriyle gezerken tesad\u00fcfen rastlad\u0131\u011f\u0131nda hep birlikte sokak i\u00e7inde yere oturup iki saatlik toplu okuma seans\u0131yla destek vermi\u015f&#8230;<\/p>\n\n\n\n<p class=\"has-black-color has-text-color has-link-color wp-elements-8058ac002849859aeb76b448ccbf22b5\">Kimi&#8230;<\/p>\n\n\n\n<p class=\"has-black-color has-text-color has-link-color wp-elements-80a260c9f2d749af72d762787d34ace7\"><strong>&#8220;Senden kald\u0131 m\u0131 h\u00e2l\u00e2 evl\u00e2t?&#8221;<\/strong> deyip boynuna sar\u0131lm\u0131\u015f&#8230;<\/p>\n\n\n\n<p class=\"has-black-color has-text-color has-link-color wp-elements-d23ee1e980fd13ae59556fb35e63603a\">Fiyat soranlara, <strong>&#8220;ne verirseniz verin&#8221;<\/strong> deyince &#8220;d\u00f6rt-be\u015f bin lira zarar etmi\u015f ge\u00e7en ay&#8230; <strong>&#8220;Benim etim ne budum ne&#8221;<\/strong> diyen bak\u0131\u015flar\u0131n\u0131 hayretle izlerken:<\/p>\n\n\n\n<p class=\"has-black-color has-text-color has-link-color wp-elements-228df3c3e03198626831a63415baac98\"><strong>&#8220;Ama olsun&#8221; <\/strong>diyor, <strong>&#8220;g\u00fczel insanlar tan\u0131yor mutlu oluyorum.&#8221;<\/strong><\/p>\n\n\n\n<p class=\"has-black-color has-text-color has-link-color wp-elements-b85ac174993308958e769c374d396f94\"><strong>&#8220;Buray\u0131 satacak kitaplarla doldurup para kazanmay\u0131 da bilirim ama yapmayaca\u011f\u0131m&#8230; Edebi olanlar d\u0131\u015f\u0131nda kitap bulundurmayaca\u011f\u0131m burada&#8221; <\/strong>diyor&#8230;<\/p>\n\n\n\n<p class=\"has-black-color has-text-color has-link-color wp-elements-e749ac5ee608cc7f17f7df9edce4c4b6\"><strong>Herman Melville<\/strong>&#8216;i soruyorum&#8230; <strong>&#8220;Moby Dick&#8217;i (Beyaz Balina) okudun mu?&#8221;<\/strong><\/p>\n\n\n\n<p class=\"has-black-color has-text-color has-link-color wp-elements-d95adc39f865404581e0686a451e3aeb\">Okumad\u0131\u011f\u0131n\u0131 \u00f6\u011frenince <strong>Kaptan Ahab<\/strong>&#8216;\u0131 anlat\u0131yorum&#8230;<\/p>\n\n\n\n<p class=\"has-black-color has-text-color has-link-color wp-elements-94074dd23a390eae30aabfb3d2ec7cc5\">Tayfalar\u0131na, her birinin yak\u0131nlar\u0131n\u0131n kendilerinden avlayacaklar\u0131 isperme\u00e7et balinalar\u0131n\u0131 bekledi\u011fini&#8230; Ya\u015fayabilmek i\u00e7in buna mecbur olduklar\u0131n\u0131&#8230; Art\u0131rabildikleri zamanlar\u0131nda hedeflerinin <strong>&#8220;beyaz balina&#8221; <\/strong>olaca\u011f\u0131n\u0131 hat\u0131rlatan Kaptan Ahab&#8217;\u0131n s\u00f6zlerini payla\u015f\u0131yorum&#8230;<\/p>\n\n\n\n<p class=\"has-black-color has-text-color has-link-color wp-elements-b64d4326fcc9c687dc2cd8c5cc32f91e\"><strong>&#8220;Sa\u011fol abi&#8221; <\/strong>diyor i\u00e7tenlikle&#8230; <strong>&#8220;En k\u0131sa zamanda okuyaca\u011f\u0131m.&#8221;<\/strong><\/p>\n\n\n\n<p class=\"has-black-color has-text-color has-link-color wp-elements-861356c2d6e14f413607f18589eb02c5\"><strong>&#8220;Zaman\u0131m\u0131n \u00e7o\u011funu okuyarak ge\u00e7iriyorum zaten&#8221; <\/strong>demeyi de ihmal etmiyor&#8230;<\/p>\n\n\n\n<p class=\"has-black-color has-text-color has-link-color wp-elements-fe56ade1241994e9bb8c3a7d0174f3ea\">Yeni e\u011fitim-\u00f6\u011fretim y\u0131l\u0131 i\u00e7in g\u00f6r\u00fc\u015fmelerini de s\u00fcrd\u00fcr\u00fcyormu\u015f&#8230; Bakal\u0131m, edebiyat \u00f6\u011fretmenli\u011fini hangi \u00f6zel okulda devam ettirecek&#8230;<\/p>\n\n\n\n<p class=\"has-black-color has-text-color has-link-color wp-elements-f31a3e506a103cc85a3e575071b6f98b\">O,<strong> &#8220;k\u0131smet&#8221; <\/strong>diyor&#8230;<\/p>\n\n\n\n<p class=\"has-black-color has-text-color has-link-color wp-elements-c43e212858330bb3b5c089b97b63c115\">Ben ise&#8230;<\/p>\n\n\n\n<p class=\"has-black-color has-text-color has-link-color wp-elements-4af94201c80c4240445224aef0a6796f\"><em>&#8220;Vural&#8217;\u0131n \u00f6\u011frencileri bu \u2018kitaps\u0131z hayat\u2019ta ne kadar \u015fansl\u0131&#8221; <\/em>d\u00fc\u015f\u00fcncesine dal\u0131p gidiyorum&#8230;<\/p>\n\n\n\n<p class=\"has-black-color has-text-color has-link-color wp-elements-43ccc41df4894e6d0f1fb310c1b5f29f\">Okunan&#8230; Ama sadece canlar\u0131m\u0131za okunan bir hayatta, o \u015fans da ne kadar anlam ifade eden bir \u015fanssa art\u0131k!<\/p>\n\n\n\n<p class=\"has-black-color has-text-color has-link-color wp-elements-b2cf2a62868ceb5bd3df5f8b0f5b6d59\"><strong>Mehmet Y\u00fccel<\/strong><\/p>\n\n\n\n<figure class=\"wp-block-image size-full\"><img loading=\"lazy\" decoding=\"async\" width=\"967\" height=\"645\" src=\"https:\/\/www.mehmetyucel.net\/wp-content\/uploads\/2023\/12\/xInsan-okur-VURAL-1.jpg\" alt=\"\" class=\"wp-image-654\" srcset=\"http:\/\/www.mehmetyucel.net\/wp-content\/uploads\/2023\/12\/xInsan-okur-VURAL-1.jpg 967w, http:\/\/www.mehmetyucel.net\/wp-content\/uploads\/2023\/12\/xInsan-okur-VURAL-1-300x200.jpg 300w, http:\/\/www.mehmetyucel.net\/wp-content\/uploads\/2023\/12\/xInsan-okur-VURAL-1-768x512.jpg 768w, http:\/\/www.mehmetyucel.net\/wp-content\/uploads\/2023\/12\/xInsan-okur-VURAL-1-750x500.jpg 750w\" sizes=\"(max-width: 967px) 100vw, 967px\" \/><figcaption class=\"wp-element-caption\"><em><strong><mark style=\"background-color:rgba(0, 0, 0, 0)\" class=\"has-inline-color has-black-color\">&#8220;Zaman\u0131m\u0131n \u00e7o\u011funu okuyarak ge\u00e7iriyorum zaten&#8230;&#8221;<\/mark><\/strong><\/em><\/figcaption><\/figure>\n\n\n\n<figure class=\"wp-block-image size-full\"><img loading=\"lazy\" decoding=\"async\" width=\"667\" height=\"1000\" src=\"https:\/\/www.mehmetyucel.net\/wp-content\/uploads\/2023\/12\/xInsan-okurVURAL-4.jpg\" alt=\"\" class=\"wp-image-655\" srcset=\"http:\/\/www.mehmetyucel.net\/wp-content\/uploads\/2023\/12\/xInsan-okurVURAL-4.jpg 667w, http:\/\/www.mehmetyucel.net\/wp-content\/uploads\/2023\/12\/xInsan-okurVURAL-4-200x300.jpg 200w\" sizes=\"(max-width: 667px) 100vw, 667px\" \/><figcaption class=\"wp-element-caption\"><em><strong><mark style=\"background-color:rgba(0, 0, 0, 0)\" class=\"has-inline-color has-black-color\">&#8220;G\u00fczel insanlar tan\u0131yor mutlu oluyorum&#8230;&#8221;<\/mark><\/strong><\/em><\/figcaption><\/figure>\n\n\n\n<figure class=\"wp-block-image size-full\"><img loading=\"lazy\" decoding=\"async\" width=\"667\" height=\"1000\" src=\"https:\/\/www.mehmetyucel.net\/wp-content\/uploads\/2023\/12\/xInsan-okurVURAL-5.jpg\" alt=\"\" class=\"wp-image-656\" srcset=\"http:\/\/www.mehmetyucel.net\/wp-content\/uploads\/2023\/12\/xInsan-okurVURAL-5.jpg 667w, http:\/\/www.mehmetyucel.net\/wp-content\/uploads\/2023\/12\/xInsan-okurVURAL-5-200x300.jpg 200w\" sizes=\"(max-width: 667px) 100vw, 667px\" \/><figcaption class=\"wp-element-caption\"><em><strong><mark style=\"background-color:rgba(0, 0, 0, 0)\" class=\"has-inline-color has-black-color\">&#8220;Buray\u0131 satacak kitaplarla doldurup para kazanmay\u0131 da bilirim ama yapmayaca\u011f\u0131m&#8230; Edebi olanlar d\u0131\u015f\u0131nda kitap bulundurmayaca\u011f\u0131m burada&#8230;&#8221;<\/mark><\/strong><\/em><\/figcaption><\/figure>\n","protected":false},"excerpt":{"rendered":"<p>Okunan&#8230; Ama sadece canlar\u0131m\u0131za okunan bir hayata &#8220;hooop&#8221; diyebilme kayg\u0131s\u0131&#8230; \u00dczerini kitaplar\u0131yla donatt\u0131\u011f\u0131 g\u00fczeller g\u00fczeli, sapsar\u0131 1973 model vosvosunun sa\u011f arka kap\u0131s\u0131n\u0131n cam\u0131na b\u00f6yle yazm\u0131\u015f Vural: &#8220;\u0130nsan okur&#8230;&#8221; \u00c7engelk\u00f6y&#8217;de biraz deniz kokusu almak&#8230; Biraz \u0130stanbul&#8217;un hayhuyundan uzakla\u015fmak&#8230; Arada bir iki bardak da \u00e7ay i\u00e7mek \u00fczere \u00c7\u0131naralt\u0131&#8217;na y\u00fcr\u00fcrken bu g\u00f6r\u00fcnt\u00fcyle kalakal\u0131yorum oldu\u011fum yerde&#8230; Bu ne \u015fimdi? [&hellip;]<\/p>\n","protected":false},"author":1,"featured_media":653,"comment_status":"open","ping_status":"open","sticky":false,"template":"","format":"standard","meta":{"footnotes":""},"categories":[4],"tags":[],"_links":{"self":[{"href":"http:\/\/www.mehmetyucel.net\/index.php\/wp-json\/wp\/v2\/posts\/652"}],"collection":[{"href":"http:\/\/www.mehmetyucel.net\/index.php\/wp-json\/wp\/v2\/posts"}],"about":[{"href":"http:\/\/www.mehmetyucel.net\/index.php\/wp-json\/wp\/v2\/types\/post"}],"author":[{"embeddable":true,"href":"http:\/\/www.mehmetyucel.net\/index.php\/wp-json\/wp\/v2\/users\/1"}],"replies":[{"embeddable":true,"href":"http:\/\/www.mehmetyucel.net\/index.php\/wp-json\/wp\/v2\/comments?post=652"}],"version-history":[{"count":5,"href":"http:\/\/www.mehmetyucel.net\/index.php\/wp-json\/wp\/v2\/posts\/652\/revisions"}],"predecessor-version":[{"id":695,"href":"http:\/\/www.mehmetyucel.net\/index.php\/wp-json\/wp\/v2\/posts\/652\/revisions\/695"}],"wp:featuredmedia":[{"embeddable":true,"href":"http:\/\/www.mehmetyucel.net\/index.php\/wp-json\/wp\/v2\/media\/653"}],"wp:attachment":[{"href":"http:\/\/www.mehmetyucel.net\/index.php\/wp-json\/wp\/v2\/media?parent=652"}],"wp:term":[{"taxonomy":"category","embeddable":true,"href":"http:\/\/www.mehmetyucel.net\/index.php\/wp-json\/wp\/v2\/categories?post=652"},{"taxonomy":"post_tag","embeddable":true,"href":"http:\/\/www.mehmetyucel.net\/index.php\/wp-json\/wp\/v2\/tags?post=652"}],"curies":[{"name":"wp","href":"https:\/\/api.w.org\/{rel}","templated":true}]}}