{"id":793,"date":"2019-04-01T00:01:00","date_gmt":"2019-04-01T00:01:00","guid":{"rendered":"https:\/\/www.mehmetyucel.net\/?p=793"},"modified":"2023-12-20T10:06:36","modified_gmt":"2023-12-20T10:06:36","slug":"kabak-gibi","status":"publish","type":"post","link":"http:\/\/www.mehmetyucel.net\/index.php\/2019\/04\/01\/kabak-gibi\/","title":{"rendered":"Kabak gibi!"},"content":{"rendered":"\n<figure class=\"wp-block-image size-full\"><img loading=\"lazy\" decoding=\"async\" width=\"685\" height=\"1021\" src=\"https:\/\/www.mehmetyucel.net\/wp-content\/uploads\/2023\/12\/Kabak-gibi.jpg\" alt=\"\" class=\"wp-image-794\" srcset=\"http:\/\/www.mehmetyucel.net\/wp-content\/uploads\/2023\/12\/Kabak-gibi.jpg 685w, http:\/\/www.mehmetyucel.net\/wp-content\/uploads\/2023\/12\/Kabak-gibi-201x300.jpg 201w\" sizes=\"(max-width: 685px) 100vw, 685px\" \/><\/figure>\n\n\n\n<p class=\"has-black-color has-text-color has-link-color wp-elements-a21769f3d2ef3ac469f607a32a327b44\">S\u00fcrprizler kentidir \u0130stanbul.<\/p>\n\n\n\n<p class=\"has-black-color has-text-color has-link-color wp-elements-b260bb173c767456533d75b323fa6eb9\">Yenik d\u00fc\u015fm\u00fc\u015flerin semti Ayvansaray i\u00e7lerinde\u2026<\/p>\n\n\n\n<p class=\"has-black-color has-text-color has-link-color wp-elements-3e2348c58b5819575724872775a1c2d5\">A\u015f\u0131k Yunus Soka\u011f\u0131\u2019nda \u00fclkemizin 50-60 y\u0131ll\u0131k ser\u00fcveninini sorgulayaca\u011f\u0131n\u0131z hi\u00e7 akl\u0131n\u0131za gelebilir mi yoksa!<\/p>\n\n\n\n<p class=\"has-black-color has-text-color has-link-color wp-elements-6bd5d74989efa3532288c8ab9bcb821d\">Ulu bir medeniyetler \u015fehrinin y\u0131llard\u0131r <strong>\u201claz m\u00fcteahhit kafas\u0131\u201d<\/strong>na mahk\u00fbm edili\u015fine i\u00e7iniz kan a\u011flayarak dola\u015f\u0131rken, bir k\u00f6\u015fe ba\u015f\u0131ndan aniden <strong>\u201cnanik\u201d<\/strong> yap\u0131verir t\u00fcm bilgeli\u011fiyle&#8230;<\/p>\n\n\n\n<p class=\"has-black-color has-text-color has-link-color wp-elements-4adf49b67e55f848f224dfb1749e91a4\">Tevazuundan yapt\u0131\u011f\u0131 resme ad\u0131n\u0131 koymaya gerek bile duymayan bir duvar sanat\u00e7\u0131s\u0131n\u0131n duyarl\u0131l\u0131\u011f\u0131na, do\u011fa da ironik bir bi\u00e7imde katk\u0131da bulunuverir\u2026<\/p>\n\n\n\n<p class=\"has-black-color has-text-color has-link-color wp-elements-99af0dec0ffb581fda76d2b1bb5569da\"><strong>\u201cGer\u00e7e\u011fin ortaya konmas\u0131na benim de bi katk\u0131m olsun\u201d<\/strong> dercesine resmin dibinden bir kabak ye\u015filleniverir durup dururken\u2026<\/p>\n\n\n\n<p class=\"has-black-color has-text-color has-link-color wp-elements-ea2aae48987a05423a87b0b92123995c\">Size giderayak\u2026<\/p>\n\n\n\n<p class=\"has-black-color has-text-color has-link-color wp-elements-de29cc4d9c3448a43963a93303e26320\">\u00d6n\u00fcn\u00fczdeki g\u00f6r\u00fcnt\u00fcye bak\u0131p bak\u0131p:<\/p>\n\n\n\n<p class=\"has-black-color has-text-color has-link-color wp-elements-25ee41787179c3ec9db826da4da64a6b\"><strong>\u201cAha i\u015fte, hayat\u0131n ger\u00e7e\u011fi kabak gibi ortada\u201d<\/strong> demek kal\u0131r!<\/p>\n","protected":false},"excerpt":{"rendered":"<p>S\u00fcrprizler kentidir \u0130stanbul. Yenik d\u00fc\u015fm\u00fc\u015flerin semti Ayvansaray i\u00e7lerinde\u2026 A\u015f\u0131k Yunus Soka\u011f\u0131\u2019nda \u00fclkemizin 50-60 y\u0131ll\u0131k ser\u00fcveninini sorgulayaca\u011f\u0131n\u0131z hi\u00e7 akl\u0131n\u0131za gelebilir mi yoksa! Ulu bir medeniyetler \u015fehrinin y\u0131llard\u0131r \u201claz m\u00fcteahhit kafas\u0131\u201dna mahk\u00fbm edili\u015fine i\u00e7iniz kan a\u011flayarak dola\u015f\u0131rken, bir k\u00f6\u015fe ba\u015f\u0131ndan aniden \u201cnanik\u201d yap\u0131verir t\u00fcm bilgeli\u011fiyle&#8230; Tevazuundan yapt\u0131\u011f\u0131 resme ad\u0131n\u0131 koymaya gerek bile duymayan bir duvar sanat\u00e7\u0131s\u0131n\u0131n duyarl\u0131l\u0131\u011f\u0131na, [&hellip;]<\/p>\n","protected":false},"author":1,"featured_media":794,"comment_status":"open","ping_status":"open","sticky":false,"template":"","format":"standard","meta":{"footnotes":""},"categories":[4],"tags":[],"_links":{"self":[{"href":"http:\/\/www.mehmetyucel.net\/index.php\/wp-json\/wp\/v2\/posts\/793"}],"collection":[{"href":"http:\/\/www.mehmetyucel.net\/index.php\/wp-json\/wp\/v2\/posts"}],"about":[{"href":"http:\/\/www.mehmetyucel.net\/index.php\/wp-json\/wp\/v2\/types\/post"}],"author":[{"embeddable":true,"href":"http:\/\/www.mehmetyucel.net\/index.php\/wp-json\/wp\/v2\/users\/1"}],"replies":[{"embeddable":true,"href":"http:\/\/www.mehmetyucel.net\/index.php\/wp-json\/wp\/v2\/comments?post=793"}],"version-history":[{"count":1,"href":"http:\/\/www.mehmetyucel.net\/index.php\/wp-json\/wp\/v2\/posts\/793\/revisions"}],"predecessor-version":[{"id":795,"href":"http:\/\/www.mehmetyucel.net\/index.php\/wp-json\/wp\/v2\/posts\/793\/revisions\/795"}],"wp:featuredmedia":[{"embeddable":true,"href":"http:\/\/www.mehmetyucel.net\/index.php\/wp-json\/wp\/v2\/media\/794"}],"wp:attachment":[{"href":"http:\/\/www.mehmetyucel.net\/index.php\/wp-json\/wp\/v2\/media?parent=793"}],"wp:term":[{"taxonomy":"category","embeddable":true,"href":"http:\/\/www.mehmetyucel.net\/index.php\/wp-json\/wp\/v2\/categories?post=793"},{"taxonomy":"post_tag","embeddable":true,"href":"http:\/\/www.mehmetyucel.net\/index.php\/wp-json\/wp\/v2\/tags?post=793"}],"curies":[{"name":"wp","href":"https:\/\/api.w.org\/{rel}","templated":true}]}}